{"id":2698,"date":"2011-01-03T15:56:25","date_gmt":"2011-01-03T13:56:25","guid":{"rendered":"https:\/\/www.endoacustica.com\/blog\/?p=2698"},"modified":"2024-01-30T19:55:49","modified_gmt":"2024-01-30T17:55:49","slug":"ratificati-i-tre-record-mondiali-dello-zephyr-uav","status":"publish","type":"post","link":"https:\/\/www.endoacustica.com\/blog\/2011\/01\/03\/ratificati-i-tre-record-mondiali-dello-zephyr-uav\/","title":{"rendered":"Ratificati i tre record mondiali dello Zephyr UAV"},"content":{"rendered":"<p style=\"text-align: justify;\">I tre record mondiali che la QinetiQ aveva richiesto dopo che il suo <strong>Zephyr<\/strong> HALE UAV (High-Altitude Long Endurance-Unmanned Aerial Vehicle) aveva completato con successo un volo di 14 giorni nel mese di luglio 2010, sono stati ora confermati dalla F\u00e9d\u00e9ration A\u00e9ronautique Internationale.<br \/>\nIl velivolo \u00e8 ora ufficialmente il detentore del primato della pi\u00f9 lunga <strong>permanenza in aria<\/strong>, e della pi\u00f9 alta quota mai raggiunta da veicoli di sorveglianza della sua categoria, con un record assoluto di <strong>durata<\/strong> fissato a 14 giorni e 21 minuti.<\/p>\n<p style=\"text-align: justify;\">Il <strong>velivolo ultraleggero<\/strong> in fibra di carbonio ha battuto il record di durata stabilito dal <strong>Global Hawk<\/strong> nel 2001, ed \u00e8 anche riuscito a salire oltre 1.500 metri pi\u00f9 in alto (anche se il prototipo Helios della NASA, in una classe diversa, ha ottenuto una quota leggermente pi\u00f9 elevata nel 2001). Inoltre, la QinetiQ sostiene che Zephyr potrebbe anche aiutare governi, imprese e universit\u00e0 a tagliare i costi dell\u2019uso di simili velivoli, in quanto esso pu\u00f2 essere prodotto ad un decimo del <strong>costo<\/strong> di altri veicoli aerei senza equipaggio dello stesso tipo, e ad un centesimo del costo di un satellite&#8221;.<\/p>\n<p style=\"text-align: justify;\">Lo Zephyr viene alimentato grazie ad una serie di batterie Sion Power agli ioni di litio, che si caricano durante il volo diurno grazie ad una serie di <strong>sensori al silicone<\/strong> montati su una sottilissima patina dello spessore di un foglio di carta, che ricopre le ali del velivolo e gli fornisce l\u2019energia necessaria ad operare sia di giorno che di notte. QinetiQ ha anche sviluppato un nuovo modello di caricatore solare ed un sistema di <strong>pilota automatico<\/strong> su misura per lo Zephyr, e durante il volo effettuato nel luglio scorso sopra il deserto dell\u2019Arizona, montava anche un sistema di telecomunicazioni sviluppato dal ministero britannico della Difesa.<\/p>\n<p style=\"text-align: justify;\">Lo sviluppo da parte della <strong>QinetiQ<\/strong> continua verso l\u2019obiettivo di fare in modo che l&#8217;aeromobile possa rimanere sospeso in aria per vari mesi, rendendolo ancora pi\u00f9 utile per la <a href=\"https:\/\/www.endoacustica.com\/droni-videosorveglianza.php\"><strong>sorveglianza aerea<\/strong><\/a>, le comunicazione, il trasporto di materiale leggero e la ricerca.<\/p>\n","protected":false},"excerpt":{"rendered":"<p>I tre record mondiali che la QinetiQ aveva richiesto dopo che il suo Zephyr HALE UAV (High-Altitude Long Endurance-Unmanned Aerial Vehicle) aveva completato con successo un volo di 14 giorni nel mese di luglio 2010, sono stati ora confermati dalla F\u00e9d\u00e9ration A\u00e9ronautique Internationale. Il velivolo \u00e8 ora ufficialmente il detentore<\/p>\n","protected":false},"author":452,"featured_media":6018,"comment_status":"open","ping_status":"open","sticky":false,"template":"","format":"standard","meta":{"_acf_changed":false,"footnotes":""},"categories":[1],"tags":[],"class_list":["post-2698","post","type-post","status-publish","format-standard","has-post-thumbnail","hentry","category-tecnologia","two-columns"],"acf":[],"_links":{"self":[{"href":"https:\/\/www.endoacustica.com\/blog\/wp-json\/wp\/v2\/posts\/2698","targetHints":{"allow":["GET"]}}],"collection":[{"href":"https:\/\/www.endoacustica.com\/blog\/wp-json\/wp\/v2\/posts"}],"about":[{"href":"https:\/\/www.endoacustica.com\/blog\/wp-json\/wp\/v2\/types\/post"}],"author":[{"embeddable":true,"href":"https:\/\/www.endoacustica.com\/blog\/wp-json\/wp\/v2\/users\/452"}],"replies":[{"embeddable":true,"href":"https:\/\/www.endoacustica.com\/blog\/wp-json\/wp\/v2\/comments?post=2698"}],"version-history":[{"count":1,"href":"https:\/\/www.endoacustica.com\/blog\/wp-json\/wp\/v2\/posts\/2698\/revisions"}],"predecessor-version":[{"id":8336,"href":"https:\/\/www.endoacustica.com\/blog\/wp-json\/wp\/v2\/posts\/2698\/revisions\/8336"}],"wp:featuredmedia":[{"embeddable":true,"href":"https:\/\/www.endoacustica.com\/blog\/wp-json\/wp\/v2\/media\/6018"}],"wp:attachment":[{"href":"https:\/\/www.endoacustica.com\/blog\/wp-json\/wp\/v2\/media?parent=2698"}],"wp:term":[{"taxonomy":"category","embeddable":true,"href":"https:\/\/www.endoacustica.com\/blog\/wp-json\/wp\/v2\/categories?post=2698"},{"taxonomy":"post_tag","embeddable":true,"href":"https:\/\/www.endoacustica.com\/blog\/wp-json\/wp\/v2\/tags?post=2698"}],"curies":[{"name":"wp","href":"https:\/\/api.w.org\/{rel}","templated":true}]}}