{"id":3773,"date":"2013-09-30T11:12:49","date_gmt":"2013-09-30T09:12:49","guid":{"rendered":"https:\/\/www.endoacustica.com\/blog\/?p=3773"},"modified":"2026-04-03T12:03:48","modified_gmt":"2026-04-03T10:03:48","slug":"una-microcamera-al-posto-dellocchio","status":"publish","type":"post","link":"https:\/\/www.endoacustica.com\/blog\/2013\/09\/30\/una-microcamera-al-posto-dellocchio\/","title":{"rendered":"Una microcamera al posto dell\u2019occhio"},"content":{"rendered":"<p>Rob Spence, 36 anni, canadese, <strong>regista<\/strong> di professione. All&#8217;et\u00e0 di 9 anni un incidente con il fucile del nonno lo ha privato di un occhio. Tanti interventi non andati a buon fine. Guardando telefilm americani, qualche anno fa gli \u00e8 balzata in mente l&#8217;idea di un <strong>occhio bionico<\/strong>. Cos\u00ec ha contattato un&#8217;azienda californiana specializzata in telecamere miniaturizzate per dispositivi portatili che gli ha fornito una <strong>minicamera<\/strong> soli 3,2 millimetri quadrati con una risoluzione di 328 per 250 pixel, adattata al suo occhio.<\/p>\n<p>Oggi ha una telecamera impiantata nel bulbo oculare. La microcamera non ha in realt\u00e0 sostituito l&#8217;occhio naturale in quanto non collegata al cervello, ma per il suo lavoro di documentarista \u00e8 di grande aiuto dato che trasmette in modalit\u00e0 <strong>wireless<\/strong> a qualsiasi dispositivo portatile tutto ci\u00f2 che il suo \u201cocchio\u201d inquadra.<\/p>\n<p>In realt\u00e0 poi Rob di occhi ne ha ben pi\u00f9 di uno. Uno bianco che funge da protesi che porta sotto la benda, due con dentro una videocamera, uno iper-realistico. La decisione di Spencer, definito anche \u201cuomo <strong>eyeborg<\/strong>\u201d ha suscitato diverse reazioni. Chi dice che \u00e8 solo una trovata pubblicitaria, chi lo accusa di violazione della <strong>privacy<\/strong>.<\/p>\n<p>Di certo l&#8217;utilizzo di una <strong>microcamera di sorveglianza Endoacustica<\/strong> \u00a0in qualsiasi contesto pu\u00f2 portare grandi benefici in termini di <strong>sicurezza e sorveglianza<\/strong> e, a fini documentaristici, non conosce paragoni. Sempre di dimensioni pi\u00f9 ridotte, le migliori aziende sono in grado di occultarle veramente ovunque: cravatte, penne, occhiali, portachiavi e oggetti di ogni tipo. In molti casi rappresentano l&#8217;unica soluzione a situazioni altrimenti non verificabili e offrono risoluzioni degne dell&#8217;industria cinematografica.<\/p>\n","protected":false},"excerpt":{"rendered":"<p>Rob Spence, 36 anni, canadese, regista di professione. All&#8217;et\u00e0 di 9 anni un incidente con il fucile del nonno lo ha privato di un occhio. Tanti interventi non andati a buon fine. Guardando telefilm americani, qualche anno fa gli \u00e8 balzata in mente l&#8217;idea di un occhio bionico. Cos\u00ec ha<\/p>\n","protected":false},"author":452,"featured_media":3774,"comment_status":"open","ping_status":"open","sticky":false,"template":"","format":"standard","meta":{"_acf_changed":false,"footnotes":""},"categories":[641],"tags":[],"class_list":["post-3773","post","type-post","status-publish","format-standard","has-post-thumbnail","hentry","category-sorveglianza","two-columns"],"acf":[],"_links":{"self":[{"href":"https:\/\/www.endoacustica.com\/blog\/wp-json\/wp\/v2\/posts\/3773","targetHints":{"allow":["GET"]}}],"collection":[{"href":"https:\/\/www.endoacustica.com\/blog\/wp-json\/wp\/v2\/posts"}],"about":[{"href":"https:\/\/www.endoacustica.com\/blog\/wp-json\/wp\/v2\/types\/post"}],"author":[{"embeddable":true,"href":"https:\/\/www.endoacustica.com\/blog\/wp-json\/wp\/v2\/users\/452"}],"replies":[{"embeddable":true,"href":"https:\/\/www.endoacustica.com\/blog\/wp-json\/wp\/v2\/comments?post=3773"}],"version-history":[{"count":5,"href":"https:\/\/www.endoacustica.com\/blog\/wp-json\/wp\/v2\/posts\/3773\/revisions"}],"predecessor-version":[{"id":9827,"href":"https:\/\/www.endoacustica.com\/blog\/wp-json\/wp\/v2\/posts\/3773\/revisions\/9827"}],"wp:featuredmedia":[{"embeddable":true,"href":"https:\/\/www.endoacustica.com\/blog\/wp-json\/wp\/v2\/media\/3774"}],"wp:attachment":[{"href":"https:\/\/www.endoacustica.com\/blog\/wp-json\/wp\/v2\/media?parent=3773"}],"wp:term":[{"taxonomy":"category","embeddable":true,"href":"https:\/\/www.endoacustica.com\/blog\/wp-json\/wp\/v2\/categories?post=3773"},{"taxonomy":"post_tag","embeddable":true,"href":"https:\/\/www.endoacustica.com\/blog\/wp-json\/wp\/v2\/tags?post=3773"}],"curies":[{"name":"wp","href":"https:\/\/api.w.org\/{rel}","templated":true}]}}