{"id":3915,"date":"2014-07-03T11:37:05","date_gmt":"2014-07-03T09:37:05","guid":{"rendered":"https:\/\/www.endoacustica.com\/blog\/?p=3915"},"modified":"2024-01-30T19:54:51","modified_gmt":"2024-01-30T17:54:51","slug":"la-polizia-implementa-le-telecamere-sulla-divisa-cosi-registrera-gli-scontri","status":"publish","type":"post","link":"https:\/\/www.endoacustica.com\/blog\/2014\/07\/03\/la-polizia-implementa-le-telecamere-sulla-divisa-cosi-registrera-gli-scontri\/","title":{"rendered":"La polizia implementa le telecamere sulla divisa: cos\u00ec registrer\u00e0 gli scontri"},"content":{"rendered":"<div id=\"ez-toc-container\" class=\"ez-toc-v2_0_82_2 counter-hierarchy ez-toc-counter ez-toc-light-blue ez-toc-container-direction\">\n<div class=\"ez-toc-title-container\">\n<p class=\"ez-toc-title\" style=\"cursor:inherit\">Indice dei contenuti<\/p>\n<span class=\"ez-toc-title-toggle\"><a href=\"#\" class=\"ez-toc-pull-right ez-toc-btn ez-toc-btn-xs ez-toc-btn-default ez-toc-toggle\" aria-label=\"Toggle Table of Content\"><span class=\"ez-toc-js-icon-con\"><span class=\"\"><span class=\"eztoc-hide\" style=\"display:none;\">Toggle<\/span><span class=\"ez-toc-icon-toggle-span\"><svg style=\"fill: #999;color:#999\" xmlns=\"http:\/\/www.w3.org\/2000\/svg\" class=\"list-377408\" width=\"20px\" height=\"20px\" viewBox=\"0 0 24 24\" fill=\"none\"><path d=\"M6 6H4v2h2V6zm14 0H8v2h12V6zM4 11h2v2H4v-2zm16 0H8v2h12v-2zM4 16h2v2H4v-2zm16 0H8v2h12v-2z\" fill=\"currentColor\"><\/path><\/svg><svg style=\"fill: #999;color:#999\" class=\"arrow-unsorted-368013\" xmlns=\"http:\/\/www.w3.org\/2000\/svg\" width=\"10px\" height=\"10px\" viewBox=\"0 0 24 24\" version=\"1.2\" baseProfile=\"tiny\"><path d=\"M18.2 9.3l-6.2-6.3-6.2 6.3c-.2.2-.3.4-.3.7s.1.5.3.7c.2.2.4.3.7.3h11c.3 0 .5-.1.7-.3.2-.2.3-.5.3-.7s-.1-.5-.3-.7zM5.8 14.7l6.2 6.3 6.2-6.3c.2-.2.3-.5.3-.7s-.1-.5-.3-.7c-.2-.2-.4-.3-.7-.3h-11c-.3 0-.5.1-.7.3-.2.2-.3.5-.3.7s.1.5.3.7z\"\/><\/svg><\/span><\/span><\/span><\/a><\/span><\/div>\n<nav><ul class='ez-toc-list ez-toc-list-level-1 ' ><li class='ez-toc-page-1 ez-toc-heading-level-2'><a class=\"ez-toc-link ez-toc-heading-1\" href=\"https:\/\/www.endoacustica.com\/blog\/2014\/07\/03\/la-polizia-implementa-le-telecamere-sulla-divisa-cosi-registrera-gli-scontri\/#Una_scelta_dettata_dalla_necessita_di_assicurare_lordine_pubblico\" >Una scelta dettata dalla necessit\u00e0 di assicurare l&#8217;ordine pubblico<\/a><\/li><li class='ez-toc-page-1 ez-toc-heading-level-2'><a class=\"ez-toc-link ez-toc-heading-2\" href=\"https:\/\/www.endoacustica.com\/blog\/2014\/07\/03\/la-polizia-implementa-le-telecamere-sulla-divisa-cosi-registrera-gli-scontri\/#Le_telecamere_spia_indossate_dalla_polizia_sono_una_garanzia_per_tutti\" >Le telecamere spia indossate dalla polizia, sono una garanzia per tutti<\/a><\/li><\/ul><\/nav><\/div>\n<p><a href=\"https:\/\/www.endoacustica.com\/telecamere-spia.php\" target=\"_blank\" rel=\"noopener\">Telecamere piccole come un bottone<\/a> incastonate sulla<strong> divisa dei poliziotti <\/strong>che svolgono servizio di ordine pubblico. Dispositivi appuntati sul petto per <strong>filmare quanto accade durante le manifestazioni<\/strong>, ma anche fuori e dentro gli <strong>stadi<\/strong>. Dopo le polemiche per gli scontri e le violenze durante cortei e partite di calcio, il Viminale ha deciso di consentire l\u2019uso di registratori\u00a0in grado di immortalare colpevoli e responsabilit\u00e0.<\/p>\n<p>La scelta prevede l\u2019uso di 150 <strong>apparecchiature ad alta definizione<\/strong>. Saranno i capisquadra dei reparti mobili ad indossare la <a href=\"https:\/\/www.endoacustica.com\/telecamere-spia.php\" target=\"_blank\" rel=\"noopener\">telecamera a bottone<\/a>. Ognuno di loro sorveglier\u00e0 su un gruppo di dieci agenti e questo vuol dire che le riprese riguarderanno <strong>almeno 1.500 uomini<\/strong>. Naturalmente il raggio d\u2019azione sar\u00e0 molto pi\u00f9 ampio e in caso di situazioni critiche \u00e8 previsto che il funzionario pi\u00f9 vicino si posizioni nei pressi degli scontri. In questo modo sar\u00e0 possibile documentare quanto sta accadendo con l\u2019obbligo di riprendere che cosa fanno tutte le parti coinvolte e quindi anche con la possibilit\u00e0 che siano pi\u00f9 telecamere a filmare la scena.<\/p>\n<h2><span class=\"ez-toc-section\" id=\"Una_scelta_dettata_dalla_necessita_di_assicurare_lordine_pubblico\"><\/span>Una scelta dettata dalla necessit\u00e0 di assicurare l&#8217;ordine pubblico<span class=\"ez-toc-section-end\"><\/span><\/h2>\n<p>L\u2019idea \u00e8 quella di partire con l\u2019<strong>attivit\u00e0 di ordine pubblico<\/strong>, per poi coinvolgere altri reparti, come ad esempio quello delle volanti in modo che gli agenti coinvolti possano filmare gli interventi effettuati. Gli apparecchi hanno una <strong>tecnologia digitale<\/strong> e inviano il materiale in un server protetto. Le registrazioni saranno a disposizione della magistratura in caso di incidenti o per l\u2019accertamento di altri possibili reati sia da parte dei manifestanti sia dei poliziotti.<\/p>\n<p>E&#8217; stato uno dei maggiori sindacati di polizia, il primo a chiedere l\u2019utilizzo delle telecamere. E per rafforzare la propria campagna ha distribuito ai poliziotti iscritti in Emilia Romagna circa ottocento <a href=\"https:\/\/www.endoacustica.com\/penna-spia-con-microcamera-digitale-e-sistema-di-videoregistrazione.php\" target=\"_blank\" rel=\"noopener\">spy pen<\/a>, dispositivi che consentono di avere immagini e voci di quanto succede durante il servizio. Un\u2019iniziativa inizialmente guardata con diffidenza dai vertici del Dipartimento e adesso fatta propria con strumentazioni pi\u00f9 sofisticate e con una pianificazione mirata.<\/p>\n<h2><span class=\"ez-toc-section\" id=\"Le_telecamere_spia_indossate_dalla_polizia_sono_una_garanzia_per_tutti\"><\/span>Le telecamere spia indossate dalla polizia, sono una garanzia per tutti<span class=\"ez-toc-section-end\"><\/span><\/h2>\n<p>\u00abSbaglia chi pensa che la telecamera sia utilizzata soltanto a garanzia dei poliziotti. Poter documentare ci\u00f2 che succede in strada \u00e8 <strong>una forma di trasparenza soprattutto per i cittadini<\/strong>\u00bb.\u00a0 Ha sentenziato il segretario sindacale. \u00abNoi siamo convinti che le telecamere saranno un deterrente forte per ogni forma di violenza. Siamo certi che questa iniziativa consentir\u00e0 a tutti di tornare a vedere le partite e partecipare alle manifestazioni nella <strong>massima tranquillit\u00e0<\/strong>\u00bb.<\/p>\n","protected":false},"excerpt":{"rendered":"<p>Telecamere piccole come un bottone incastonate sulla divisa dei poliziotti che svolgono servizio di ordine pubblico. Dispositivi appuntati sul petto per filmare quanto accade durante le manifestazioni, ma anche fuori e dentro gli stadi. Dopo le polemiche per gli scontri e le violenze durante cortei e partite di calcio, il<\/p>\n","protected":false},"author":452,"featured_media":6348,"comment_status":"open","ping_status":"open","sticky":false,"template":"","format":"standard","meta":{"_acf_changed":false,"footnotes":""},"categories":[641],"tags":[],"class_list":["post-3915","post","type-post","status-publish","format-standard","has-post-thumbnail","hentry","category-sorveglianza","two-columns"],"acf":[],"_links":{"self":[{"href":"https:\/\/www.endoacustica.com\/blog\/wp-json\/wp\/v2\/posts\/3915","targetHints":{"allow":["GET"]}}],"collection":[{"href":"https:\/\/www.endoacustica.com\/blog\/wp-json\/wp\/v2\/posts"}],"about":[{"href":"https:\/\/www.endoacustica.com\/blog\/wp-json\/wp\/v2\/types\/post"}],"author":[{"embeddable":true,"href":"https:\/\/www.endoacustica.com\/blog\/wp-json\/wp\/v2\/users\/452"}],"replies":[{"embeddable":true,"href":"https:\/\/www.endoacustica.com\/blog\/wp-json\/wp\/v2\/comments?post=3915"}],"version-history":[{"count":1,"href":"https:\/\/www.endoacustica.com\/blog\/wp-json\/wp\/v2\/posts\/3915\/revisions"}],"predecessor-version":[{"id":8222,"href":"https:\/\/www.endoacustica.com\/blog\/wp-json\/wp\/v2\/posts\/3915\/revisions\/8222"}],"wp:featuredmedia":[{"embeddable":true,"href":"https:\/\/www.endoacustica.com\/blog\/wp-json\/wp\/v2\/media\/6348"}],"wp:attachment":[{"href":"https:\/\/www.endoacustica.com\/blog\/wp-json\/wp\/v2\/media?parent=3915"}],"wp:term":[{"taxonomy":"category","embeddable":true,"href":"https:\/\/www.endoacustica.com\/blog\/wp-json\/wp\/v2\/categories?post=3915"},{"taxonomy":"post_tag","embeddable":true,"href":"https:\/\/www.endoacustica.com\/blog\/wp-json\/wp\/v2\/tags?post=3915"}],"curies":[{"name":"wp","href":"https:\/\/api.w.org\/{rel}","templated":true}]}}