{"id":9462,"date":"2025-03-27T20:27:38","date_gmt":"2025-03-27T18:27:38","guid":{"rendered":"https:\/\/www.endoacustica.com\/blog\/?p=9462"},"modified":"2026-03-30T15:05:17","modified_gmt":"2026-03-30T13:05:17","slug":"evacuazione-delle-alte-cariche-dellue-in-caso-di-conflitto-russia-europa","status":"publish","type":"post","link":"https:\/\/www.endoacustica.com\/blog\/2025\/03\/27\/evacuazione-delle-alte-cariche-dellue-in-caso-di-conflitto-russia-europa\/","title":{"rendered":"Evacuazione delle Alte Cariche dell&#8217;UE in Caso di Conflitto Russia-Europa"},"content":{"rendered":"<div id=\"ez-toc-container\" class=\"ez-toc-v2_0_82_2 counter-hierarchy ez-toc-counter ez-toc-light-blue ez-toc-container-direction\">\n<div class=\"ez-toc-title-container\">\n<p class=\"ez-toc-title\" style=\"cursor:inherit\">Indice dei contenuti<\/p>\n<span class=\"ez-toc-title-toggle\"><a href=\"#\" class=\"ez-toc-pull-right ez-toc-btn ez-toc-btn-xs ez-toc-btn-default ez-toc-toggle\" aria-label=\"Toggle Table of Content\"><span class=\"ez-toc-js-icon-con\"><span class=\"\"><span class=\"eztoc-hide\" style=\"display:none;\">Toggle<\/span><span class=\"ez-toc-icon-toggle-span\"><svg style=\"fill: #999;color:#999\" xmlns=\"http:\/\/www.w3.org\/2000\/svg\" class=\"list-377408\" width=\"20px\" height=\"20px\" viewBox=\"0 0 24 24\" fill=\"none\"><path d=\"M6 6H4v2h2V6zm14 0H8v2h12V6zM4 11h2v2H4v-2zm16 0H8v2h12v-2zM4 16h2v2H4v-2zm16 0H8v2h12v-2z\" fill=\"currentColor\"><\/path><\/svg><svg style=\"fill: #999;color:#999\" class=\"arrow-unsorted-368013\" xmlns=\"http:\/\/www.w3.org\/2000\/svg\" width=\"10px\" height=\"10px\" viewBox=\"0 0 24 24\" version=\"1.2\" baseProfile=\"tiny\"><path d=\"M18.2 9.3l-6.2-6.3-6.2 6.3c-.2.2-.3.4-.3.7s.1.5.3.7c.2.2.4.3.7.3h11c.3 0 .5-.1.7-.3.2-.2.3-.5.3-.7s-.1-.5-.3-.7zM5.8 14.7l6.2 6.3 6.2-6.3c.2-.2.3-.5.3-.7s-.1-.5-.3-.7c-.2-.2-.4-.3-.7-.3h-11c-.3 0-.5.1-.7.3-.2.2-.3.5-.3.7s.1.5.3.7z\"\/><\/svg><\/span><\/span><\/span><\/a><\/span><\/div>\n<nav><ul class='ez-toc-list ez-toc-list-level-1 ' ><li class='ez-toc-page-1 ez-toc-heading-level-3'><a class=\"ez-toc-link ez-toc-heading-1\" href=\"https:\/\/www.endoacustica.com\/blog\/2025\/03\/27\/evacuazione-delle-alte-cariche-dellue-in-caso-di-conflitto-russia-europa\/#Strategie_e_Destinazioni_Sicure\" >Strategie e Destinazioni Sicure<\/a><\/li><li class='ez-toc-page-1 ez-toc-heading-level-3'><a class=\"ez-toc-link ez-toc-heading-2\" href=\"https:\/\/www.endoacustica.com\/blog\/2025\/03\/27\/evacuazione-delle-alte-cariche-dellue-in-caso-di-conflitto-russia-europa\/#Possibili_Destinazioni_di_Fuga\" >Possibili Destinazioni di Fuga<\/a><\/li><li class='ez-toc-page-1 ez-toc-heading-level-3'><a class=\"ez-toc-link ez-toc-heading-3\" href=\"https:\/\/www.endoacustica.com\/blog\/2025\/03\/27\/evacuazione-delle-alte-cariche-dellue-in-caso-di-conflitto-russia-europa\/#Chi_sarebbero_i_leader_interessati_allevacuazione\" >Chi sarebbero i leader interessati all&#8217;evacuazione?<\/a><ul class='ez-toc-list-level-4' ><li class='ez-toc-heading-level-4'><a class=\"ez-toc-link ez-toc-heading-4\" href=\"https:\/\/www.endoacustica.com\/blog\/2025\/03\/27\/evacuazione-delle-alte-cariche-dellue-in-caso-di-conflitto-russia-europa\/#Commissione_Europea_Esecutivo_dellUE\" >Commissione Europea (Esecutivo dell&#8217;UE)<\/a><\/li><li class='ez-toc-page-1 ez-toc-heading-level-4'><a class=\"ez-toc-link ez-toc-heading-5\" href=\"https:\/\/www.endoacustica.com\/blog\/2025\/03\/27\/evacuazione-delle-alte-cariche-dellue-in-caso-di-conflitto-russia-europa\/#Consiglio_Europeo_Rappresentanza_dei_leader_nazionali\" >Consiglio Europeo (Rappresentanza dei leader nazionali)<\/a><\/li><li class='ez-toc-page-1 ez-toc-heading-level-4'><a class=\"ez-toc-link ez-toc-heading-6\" href=\"https:\/\/www.endoacustica.com\/blog\/2025\/03\/27\/evacuazione-delle-alte-cariche-dellue-in-caso-di-conflitto-russia-europa\/#I_Ministri_degli_Esteri_e_della_Difesa_degli_Stati_membri_dellUE\" >I Ministri degli Esteri e della Difesa degli Stati membri dell&#8217;UE:<\/a><\/li><li class='ez-toc-page-1 ez-toc-heading-level-4'><a class=\"ez-toc-link ez-toc-heading-7\" href=\"https:\/\/www.endoacustica.com\/blog\/2025\/03\/27\/evacuazione-delle-alte-cariche-dellue-in-caso-di-conflitto-russia-europa\/#Agenzia_Europea_per_la_Difesa_e_NATO\" >Agenzia Europea per la Difesa e NATO<\/a><\/li><\/ul><\/li><li class='ez-toc-page-1 ez-toc-heading-level-3'><a class=\"ez-toc-link ez-toc-heading-8\" href=\"https:\/\/www.endoacustica.com\/blog\/2025\/03\/27\/evacuazione-delle-alte-cariche-dellue-in-caso-di-conflitto-russia-europa\/#Evacuazione_dei_Familiari_delle_Alte_Cariche_Europee\" >Evacuazione dei Familiari delle Alte Cariche Europee<\/a><ul class='ez-toc-list-level-4' ><li class='ez-toc-heading-level-4'><a class=\"ez-toc-link ez-toc-heading-9\" href=\"https:\/\/www.endoacustica.com\/blog\/2025\/03\/27\/evacuazione-delle-alte-cariche-dellue-in-caso-di-conflitto-russia-europa\/#1_Chi_tra_i_familiari_potrebbe_essere_evacuato\" >1. Chi tra i familiari potrebbe essere evacuato?<\/a><ul class='ez-toc-list-level-5' ><li class='ez-toc-heading-level-5'><a class=\"ez-toc-link ez-toc-heading-10\" href=\"https:\/\/www.endoacustica.com\/blog\/2025\/03\/27\/evacuazione-delle-alte-cariche-dellue-in-caso-di-conflitto-russia-europa\/#%E2%9C%85_Priorita_massima_Evacuazione_garantita\" >&#x2705; Priorit\u00e0 massima (Evacuazione garantita)<\/a><\/li><li class='ez-toc-page-1 ez-toc-heading-level-5'><a class=\"ez-toc-link ez-toc-heading-11\" href=\"https:\/\/www.endoacustica.com\/blog\/2025\/03\/27\/evacuazione-delle-alte-cariche-dellue-in-caso-di-conflitto-russia-europa\/#%E2%9A%A0%EF%B8%8F_Priorita_condizionata_Evacuazione_valutata_caso_per_caso\" >&#x26a0;&#xfe0f; Priorit\u00e0 condizionata (Evacuazione valutata caso per caso)<\/a><\/li><li class='ez-toc-page-1 ez-toc-heading-level-5'><a class=\"ez-toc-link ez-toc-heading-12\" href=\"https:\/\/www.endoacustica.com\/blog\/2025\/03\/27\/evacuazione-delle-alte-cariche-dellue-in-caso-di-conflitto-russia-europa\/#%E2%9D%8C_Non_inclusi_nei_piani_di_evacuazione_ufficiali\" >&#x274c; Non inclusi nei piani di evacuazione ufficiali<\/a><\/li><\/ul><\/li><li class='ez-toc-page-1 ez-toc-heading-level-4'><a class=\"ez-toc-link ez-toc-heading-13\" href=\"https:\/\/www.endoacustica.com\/blog\/2025\/03\/27\/evacuazione-delle-alte-cariche-dellue-in-caso-di-conflitto-russia-europa\/#2_Quali_criteri_potrebbero_determinare_levacuazione\" >2. Quali criteri potrebbero determinare l&#8217;evacuazione?<\/a><\/li><li class='ez-toc-page-1 ez-toc-heading-level-4'><a class=\"ez-toc-link ez-toc-heading-14\" href=\"https:\/\/www.endoacustica.com\/blog\/2025\/03\/27\/evacuazione-delle-alte-cariche-dellue-in-caso-di-conflitto-russia-europa\/#3_Destinazioni_e_Sicurezza_dei_Familiari\" >3. Destinazioni e Sicurezza dei Familiari<\/a><\/li><\/ul><\/li><li class='ez-toc-page-1 ez-toc-heading-level-3'><a class=\"ez-toc-link ez-toc-heading-15\" href=\"https:\/\/www.endoacustica.com\/blog\/2025\/03\/27\/evacuazione-delle-alte-cariche-dellue-in-caso-di-conflitto-russia-europa\/#Destinazioni_sicure_per_la_fuga\" >Destinazioni sicure per la fuga<\/a><ul class='ez-toc-list-level-4' ><li class='ez-toc-heading-level-4'><a class=\"ez-toc-link ez-toc-heading-16\" href=\"https:\/\/www.endoacustica.com\/blog\/2025\/03\/27\/evacuazione-delle-alte-cariche-dellue-in-caso-di-conflitto-russia-europa\/#Basi_NATO_in_Europa\" >Basi NATO in Europa<\/a><\/li><li class='ez-toc-page-1 ez-toc-heading-level-4'><a class=\"ez-toc-link ez-toc-heading-17\" href=\"https:\/\/www.endoacustica.com\/blog\/2025\/03\/27\/evacuazione-delle-alte-cariche-dellue-in-caso-di-conflitto-russia-europa\/#Paesi_Extraeuropei_Alleati\" >Paesi Extraeuropei Alleati<\/a><\/li><\/ul><\/li><li class='ez-toc-page-1 ez-toc-heading-level-3'><a class=\"ez-toc-link ez-toc-heading-18\" href=\"https:\/\/www.endoacustica.com\/blog\/2025\/03\/27\/evacuazione-delle-alte-cariche-dellue-in-caso-di-conflitto-russia-europa\/#Vulnerabilita_delle_Basi_NATO_e_Rischi_di_Individuazione_Satellitare\" >Vulnerabilit\u00e0 delle Basi NATO e Rischi di Individuazione Satellitare<\/a><ul class='ez-toc-list-level-4' ><li class='ez-toc-heading-level-4'><a class=\"ez-toc-link ez-toc-heading-19\" href=\"https:\/\/www.endoacustica.com\/blog\/2025\/03\/27\/evacuazione-delle-alte-cariche-dellue-in-caso-di-conflitto-russia-europa\/#Grey_Time_e_Analisi_Satellitare\" >Grey Time e Analisi Satellitare<\/a><\/li><\/ul><\/li><li class='ez-toc-page-1 ez-toc-heading-level-3'><a class=\"ez-toc-link ez-toc-heading-20\" href=\"https:\/\/www.endoacustica.com\/blog\/2025\/03\/27\/evacuazione-delle-alte-cariche-dellue-in-caso-di-conflitto-russia-europa\/#Missili_Oreshnik_la_Minaccia_ai_Bunker_Sotterranei\" >Missili Oreshnik: la Minaccia ai Bunker Sotterranei<\/a><\/li><li class='ez-toc-page-1 ez-toc-heading-level-3'><a class=\"ez-toc-link ez-toc-heading-21\" href=\"https:\/\/www.endoacustica.com\/blog\/2025\/03\/27\/evacuazione-delle-alte-cariche-dellue-in-caso-di-conflitto-russia-europa\/#Modalita_di_evacuazione_e_sicurezza_delle_operazioni\" >Modalit\u00e0 di evacuazione e sicurezza delle operazioni<\/a><\/li><li class='ez-toc-page-1 ez-toc-heading-level-3'><a class=\"ez-toc-link ez-toc-heading-22\" href=\"https:\/\/www.endoacustica.com\/blog\/2025\/03\/27\/evacuazione-delle-alte-cariche-dellue-in-caso-di-conflitto-russia-europa\/#Pericoli_di_Attentati_contro_le_Alte_Cariche_dellUE_e_della_NATO\" >Pericoli di Attentati contro le Alte Cariche dell&#8217;UE e della NATO<\/a><ul class='ez-toc-list-level-4' ><li class='ez-toc-heading-level-4'><a class=\"ez-toc-link ez-toc-heading-23\" href=\"https:\/\/www.endoacustica.com\/blog\/2025\/03\/27\/evacuazione-delle-alte-cariche-dellue-in-caso-di-conflitto-russia-europa\/#Analisi_e_Priorita_del_Rischio\" >Analisi e Priorit\u00e0 del Rischio<\/a><\/li><\/ul><\/li><li class='ez-toc-page-1 ez-toc-heading-level-3'><a class=\"ez-toc-link ez-toc-heading-24\" href=\"https:\/\/www.endoacustica.com\/blog\/2025\/03\/27\/evacuazione-delle-alte-cariche-dellue-in-caso-di-conflitto-russia-europa\/#Tipologie_di_Minacce\" >Tipologie di Minacce<\/a><ul class='ez-toc-list-level-4' ><li class='ez-toc-heading-level-4'><a class=\"ez-toc-link ez-toc-heading-25\" href=\"https:\/\/www.endoacustica.com\/blog\/2025\/03\/27\/evacuazione-delle-alte-cariche-dellue-in-caso-di-conflitto-russia-europa\/#1_Attentati_Fisici\" >1. Attentati Fisici<\/a><\/li><li class='ez-toc-page-1 ez-toc-heading-level-4'><a class=\"ez-toc-link ez-toc-heading-26\" href=\"https:\/\/www.endoacustica.com\/blog\/2025\/03\/27\/evacuazione-delle-alte-cariche-dellue-in-caso-di-conflitto-russia-europa\/#2_Attacchi_Informatici\" >2. Attacchi Informatici<\/a><\/li><li class='ez-toc-page-1 ez-toc-heading-level-4'><a class=\"ez-toc-link ez-toc-heading-27\" href=\"https:\/\/www.endoacustica.com\/blog\/2025\/03\/27\/evacuazione-delle-alte-cariche-dellue-in-caso-di-conflitto-russia-europa\/#3_Guerra_Ibrida_e_Minacce_Indirette\" >3. Guerra Ibrida e Minacce Indirette<\/a><\/li><\/ul><\/li><li class='ez-toc-page-1 ez-toc-heading-level-3'><a class=\"ez-toc-link ez-toc-heading-28\" href=\"https:\/\/www.endoacustica.com\/blog\/2025\/03\/27\/evacuazione-delle-alte-cariche-dellue-in-caso-di-conflitto-russia-europa\/#Probabile_Elenco_delle_Personalita_a_Rischio_e_Priorita_di_Protezione\" >Probabile Elenco delle Personalit\u00e0 a Rischio e Priorit\u00e0 di Protezione<\/a><ul class='ez-toc-list-level-4' ><li class='ez-toc-heading-level-4'><a class=\"ez-toc-link ez-toc-heading-29\" href=\"https:\/\/www.endoacustica.com\/blog\/2025\/03\/27\/evacuazione-delle-alte-cariche-dellue-in-caso-di-conflitto-russia-europa\/#Priorita_1_%E2%80%93_Massima_Protezione_Leader_Strategici_e_Militari\" >Priorit\u00e0 1 \u2013 Massima Protezione (Leader Strategici e Militari)<\/a><\/li><li class='ez-toc-page-1 ez-toc-heading-level-4'><a class=\"ez-toc-link ez-toc-heading-30\" href=\"https:\/\/www.endoacustica.com\/blog\/2025\/03\/27\/evacuazione-delle-alte-cariche-dellue-in-caso-di-conflitto-russia-europa\/#Priorita_2_%E2%80%93_Alta_Protezione_Figure_Militari_ed_Economiche_di_Rilievo\" >Priorit\u00e0 2 \u2013 Alta Protezione (Figure Militari ed Economiche di Rilievo)<\/a><\/li><li class='ez-toc-page-1 ez-toc-heading-level-4'><a class=\"ez-toc-link ez-toc-heading-31\" href=\"https:\/\/www.endoacustica.com\/blog\/2025\/03\/27\/evacuazione-delle-alte-cariche-dellue-in-caso-di-conflitto-russia-europa\/#Priorita_3_%E2%80%93_Protezione_Moderata_Figure_Politiche_di_Secondo_Livello\" >Priorit\u00e0 3 \u2013 Protezione Moderata (Figure Politiche di Secondo Livello)<\/a><\/li><\/ul><\/li><li class='ez-toc-page-1 ez-toc-heading-level-3'><a class=\"ez-toc-link ez-toc-heading-32\" href=\"https:\/\/www.endoacustica.com\/blog\/2025\/03\/27\/evacuazione-delle-alte-cariche-dellue-in-caso-di-conflitto-russia-europa\/#Alti_Rappresentanti_della_Gestione_Strategica_dellIndustria_Bellica_Europea_a_probabile_rischio_attentati\" >Alti Rappresentanti della Gestione Strategica dell\u2019Industria Bellica Europea a probabile rischio attentati<\/a><ul class='ez-toc-list-level-4' ><li class='ez-toc-heading-level-4'><a class=\"ez-toc-link ez-toc-heading-33\" href=\"https:\/\/www.endoacustica.com\/blog\/2025\/03\/27\/evacuazione-delle-alte-cariche-dellue-in-caso-di-conflitto-russia-europa\/#Commissione_Europea_%E2%80%93_Difesa_e_Industria_Bellica\" >Commissione Europea \u2013 Difesa e Industria Bellica<\/a><\/li><li class='ez-toc-page-1 ez-toc-heading-level-4'><a class=\"ez-toc-link ez-toc-heading-34\" href=\"https:\/\/www.endoacustica.com\/blog\/2025\/03\/27\/evacuazione-delle-alte-cariche-dellue-in-caso-di-conflitto-russia-europa\/#Agenzia_Europea_per_la_Difesa_EDA\" >Agenzia Europea per la Difesa (EDA)<\/a><\/li><li class='ez-toc-page-1 ez-toc-heading-level-4'><a class=\"ez-toc-link ez-toc-heading-35\" href=\"https:\/\/www.endoacustica.com\/blog\/2025\/03\/27\/evacuazione-delle-alte-cariche-dellue-in-caso-di-conflitto-russia-europa\/#Consiglio_dellIndustria_della_Difesa_Europea_EDIB\" >Consiglio dell&#8217;Industria della Difesa Europea (EDIB)<\/a><\/li><\/ul><\/li><li class='ez-toc-page-1 ez-toc-heading-level-3'><a class=\"ez-toc-link ez-toc-heading-36\" href=\"https:\/\/www.endoacustica.com\/blog\/2025\/03\/27\/evacuazione-delle-alte-cariche-dellue-in-caso-di-conflitto-russia-europa\/#Principali_Figure_dellIndustria_Bellica_Europea_a_probabile_rischio_attentati\" >Principali Figure dell\u2019Industria Bellica Europea a probabile rischio attentati<\/a><ul class='ez-toc-list-level-4' ><li class='ez-toc-heading-level-4'><a class=\"ez-toc-link ez-toc-heading-37\" href=\"https:\/\/www.endoacustica.com\/blog\/2025\/03\/27\/evacuazione-delle-alte-cariche-dellue-in-caso-di-conflitto-russia-europa\/#CEOs_e_Dirigenti_delle_Maggiori_Aziende_di_Difesa\" >CEOs e Dirigenti delle Maggiori Aziende di Difesa<\/a><\/li><\/ul><\/li><li class='ez-toc-page-1 ez-toc-heading-level-3'><a class=\"ez-toc-link ez-toc-heading-38\" href=\"https:\/\/www.endoacustica.com\/blog\/2025\/03\/27\/evacuazione-delle-alte-cariche-dellue-in-caso-di-conflitto-russia-europa\/#Strategie_di_Mitigazione_del_Rischio\" >Strategie di Mitigazione del Rischio<\/a><ul class='ez-toc-list-level-4' ><li class='ez-toc-heading-level-4'><a class=\"ez-toc-link ez-toc-heading-39\" href=\"https:\/\/www.endoacustica.com\/blog\/2025\/03\/27\/evacuazione-delle-alte-cariche-dellue-in-caso-di-conflitto-russia-europa\/#1_Sicurezza_Fisica\" >1. Sicurezza Fisica<\/a><\/li><li class='ez-toc-page-1 ez-toc-heading-level-4'><a class=\"ez-toc-link ez-toc-heading-40\" href=\"https:\/\/www.endoacustica.com\/blog\/2025\/03\/27\/evacuazione-delle-alte-cariche-dellue-in-caso-di-conflitto-russia-europa\/#2_Sicurezza_Cibernetica\" >2. Sicurezza Cibernetica<\/a><\/li><li class='ez-toc-page-1 ez-toc-heading-level-4'><a class=\"ez-toc-link ez-toc-heading-41\" href=\"https:\/\/www.endoacustica.com\/blog\/2025\/03\/27\/evacuazione-delle-alte-cariche-dellue-in-caso-di-conflitto-russia-europa\/#3_Difesa_Contro_la_Guerra_Ibrida\" >3. Difesa Contro la Guerra Ibrida<\/a><\/li><\/ul><\/li><li class='ez-toc-page-1 ez-toc-heading-level-3'><a class=\"ez-toc-link ez-toc-heading-42\" href=\"https:\/\/www.endoacustica.com\/blog\/2025\/03\/27\/evacuazione-delle-alte-cariche-dellue-in-caso-di-conflitto-russia-europa\/#Conclusioni\" >Conclusioni<\/a><\/li><li class='ez-toc-page-1 ez-toc-heading-level-3'><a class=\"ez-toc-link ez-toc-heading-43\" href=\"https:\/\/www.endoacustica.com\/blog\/2025\/03\/27\/evacuazione-delle-alte-cariche-dellue-in-caso-di-conflitto-russia-europa\/#Disclaimer\" >Disclaimer<\/a><\/li><\/ul><\/nav><\/div>\n<h3><span class=\"ez-toc-section\" id=\"Strategie_e_Destinazioni_Sicure\"><\/span><strong>Strategie e Destinazioni Sicure<\/strong><span class=\"ez-toc-section-end\"><\/span><\/h3>\n<p>In caso di una guerra continentale tra Russia ed Europa, le alte cariche dell&#8217;Unione Europea coinvolte in un piano di evacuazione e continuit\u00e0 del governo avrebbero diverse opzioni di fuga basate su protocolli di sicurezza stabiliti per i leader dell&#8217;UE.<\/p>\n<h3><span class=\"ez-toc-section\" id=\"Possibili_Destinazioni_di_Fuga\"><\/span><strong>Possibili Destinazioni di Fuga<\/strong><span class=\"ez-toc-section-end\"><\/span><\/h3>\n<ol>\n<li><strong>Rifugi sicuri all&#8217;interno dell&#8217;UE<\/strong> \u2013 La NATO e l&#8217;UE dispongono di bunker e rifugi segreti per le alte cariche. Uno di questi potrebbe essere situato in Belgio, Germania o in qualche localit\u00e0 alpina sicura.<\/li>\n<li><strong>Trasferimento in un paese NATO sicuro<\/strong> \u2013 Se la situazione diventasse insostenibile in Europa, potrebbero essere evacuate in <strong>Stati Uniti, Canada o Regno Unito<\/strong>, che sono alleati chiave e sedi di comando della NATO.<\/li>\n<li><strong>Basi NATO strategiche<\/strong> \u2013 Localit\u00e0 come <strong>Ramstein (Germania), Aviano (Italia)<\/strong> o un&#8217;installazione in <strong>Norvegia<\/strong> potrebbero essere scelte per la continuit\u00e0 del governo europeo in tempo di guerra.<\/li>\n<li><strong>Lussemburgo o Svizzera<\/strong> \u2013 Due paesi con alta sicurezza e neutralit\u00e0 storica, dove potrebbero essere stabiliti uffici temporanei dell&#8217;UE.<\/li>\n<\/ol>\n<p>Se il conflitto fosse improvviso e devastante, l\u2019evacuazione potrebbe avvenire con <strong>voli militari d\u2019emergenza<\/strong>, probabilmente organizzati dagli Stati Uniti o dal Regno Unito.<\/p>\n<hr \/>\n<h3><span class=\"ez-toc-section\" id=\"Chi_sarebbero_i_leader_interessati_allevacuazione\"><\/span><strong>Chi sarebbero i leader interessati all&#8217;evacuazione?<\/strong><span class=\"ez-toc-section-end\"><\/span><\/h3>\n<p>In caso di conflitto, le figure istituzionali pi\u00f9 rilevanti dell&#8217;UE potrebbero essere soggette a un piano di evacuazione per garantire la continuit\u00e0 del governo europeo.<\/p>\n<h4><span class=\"ez-toc-section\" id=\"Commissione_Europea_Esecutivo_dellUE\"><\/span><strong>Commissione Europea (Esecutivo dell&#8217;UE)<\/strong><span class=\"ez-toc-section-end\"><\/span><\/h4>\n<ul>\n<li><strong>Ursula von der Leyen<\/strong> \u2013 Presidente della Commissione Europea<\/li>\n<li><strong>Kaja Kallas<\/strong> \u2013 Alto rappresentante per gli Affari Esteri e la Politica di Sicurezza<\/li>\n<li><strong>Maro\u0161 \u0160ef\u010dovi\u010d<\/strong> \u2013 Vicepresidente esecutivo per le Relazioni interistituzionali<\/li>\n<li><strong>Thierry Breton<\/strong> \u2013 Commissario per il Mercato Interno e la Difesa<\/li>\n<li><strong>Paolo Gentiloni<\/strong> \u2013 Commissario per l&#8217;Economia<\/li>\n<li><strong>Ylva Johansson<\/strong> \u2013 Commissario per gli Affari Interni e la Sicurezza<\/li>\n<li><strong>Janez Lenar\u010di\u010d<\/strong> \u2013 Commissario per la Gestione delle Crisi<\/li>\n<li><strong>Raffaele Fitto<\/strong> \u2013 Vicepresidente Esecutivo per la Coesione e le Riforme<\/li>\n<li><strong>Altri Commissari Europei con ruoli strategici in sicurezza, difesa ed economia<\/strong><\/li>\n<\/ul>\n<h4><span class=\"ez-toc-section\" id=\"Consiglio_Europeo_Rappresentanza_dei_leader_nazionali\"><\/span><strong>Consiglio Europeo (Rappresentanza dei leader nazionali)<\/strong><span class=\"ez-toc-section-end\"><\/span><\/h4>\n<ul>\n<li><strong>Charles Michel<\/strong> \u2013 Presidente del Consiglio Europeo<\/li>\n<li><strong>Roberta Metsola<\/strong> \u2013 Presidente del Parlamento Europeo<\/li>\n<li><strong>Christine Lagarde<\/strong> \u2013 Presidente della Banca Centrale Europea<\/li>\n<li><strong>Paschal Donohoe<\/strong> \u2013 Presidente dell&#8217;Eurogruppo<\/li>\n<\/ul>\n<h4><span class=\"ez-toc-section\" id=\"I_Ministri_degli_Esteri_e_della_Difesa_degli_Stati_membri_dellUE\"><\/span><strong>I Ministri degli Esteri e della Difesa degli Stati membri dell&#8217;UE:<\/strong><span class=\"ez-toc-section-end\"><\/span><\/h4>\n<ul>\n<li><strong>Antonio Tajani<\/strong> (Italia, Ministro degli Esteri)<\/li>\n<li><strong>Guido Crosetto<\/strong> (Italia, Ministro della Difesa)<\/li>\n<li><strong>Catherine Colonna<\/strong> (Francia, Ministro degli Esteri)<\/li>\n<li><strong>S\u00e9bastien Lecornu<\/strong> (Francia, Ministro della Difesa)<\/li>\n<li><strong>Annalena Baerbock<\/strong> (Germania, Ministro degli Esteri)<\/li>\n<li><strong>Boris Pistorius<\/strong> (Germania, Ministro della Difesa)<\/li>\n<li><strong>Jos\u00e9 Manuel Albares<\/strong> (Spagna, Ministro degli Esteri)<\/li>\n<li><strong>Margarita Robles<\/strong> (Spagna, Ministro della Difesa)<\/li>\n<li><strong>Andrii Sybiha<\/strong> (Ucraina, Ministro degli Esteri)<\/li>\n<li><strong>Altri Ministri di Stati membri UE strategici<\/strong><\/li>\n<\/ul>\n<h4><span class=\"ez-toc-section\" id=\"Agenzia_Europea_per_la_Difesa_e_NATO\"><\/span><strong>Agenzia Europea per la Difesa e NATO<\/strong><span class=\"ez-toc-section-end\"><\/span><\/h4>\n<ul>\n<li><strong>Ji\u0159\u00ed \u0160ediv\u00fd<\/strong> \u2013 Direttore esecutivo dell&#8217;Agenzia Europea per la Difesa<\/li>\n<li><strong>Mark Rutte<\/strong> \u2013 Segretario Generale della NATO \u2013 Ruolo determinante nella protezione e nell&#8217;evacuazione<\/li>\n<li><strong>Alti rappresentanti della gestione strategica dell\u2019industria bellica europea<\/strong><\/li>\n<\/ul>\n<hr \/>\n<h3><span class=\"ez-toc-section\" id=\"Evacuazione_dei_Familiari_delle_Alte_Cariche_Europee\"><\/span><strong>Evacuazione dei Familiari delle Alte Cariche Europee<\/strong><span class=\"ez-toc-section-end\"><\/span><\/h3>\n<p>I <strong>piani di evacuazione delle alte cariche europee<\/strong> non riguardano solo i leader istituzionali, ma anche le loro famiglie, in base a specifici criteri di <strong>priorit\u00e0 e grado di parentela<\/strong>. Tuttavia, l&#8217;inclusione dei familiari nei piani di evacuazione varia <strong>a seconda della gravit\u00e0 della minaccia, della posizione gerarchica del leader coinvolto e delle risorse disponibili<\/strong>.<\/p>\n<h4><span class=\"ez-toc-section\" id=\"1_Chi_tra_i_familiari_potrebbe_essere_evacuato\"><\/span><strong>1. Chi tra i familiari potrebbe essere evacuato?<\/strong><span class=\"ez-toc-section-end\"><\/span><\/h4>\n<p>In caso di conflitto su larga scala o di una minaccia diretta alle istituzioni europee, la protezione potrebbe estendersi fino a un certo grado di parentela, seguendo queste priorit\u00e0:<\/p>\n<h5><span class=\"ez-toc-section\" id=\"%E2%9C%85_Priorita_massima_Evacuazione_garantita\"><\/span><strong>&#x2705; Priorit\u00e0 massima (Evacuazione garantita)<\/strong><span class=\"ez-toc-section-end\"><\/span><\/h5>\n<ul>\n<li><strong>Coniuge o partner ufficialmente riconosciuto<\/strong><\/li>\n<li><strong>Figli (minorenni e maggiorenni a carico)<\/strong><\/li>\n<li><strong>Genitori anziani o non autosufficienti<\/strong> (se il leader ha un ruolo strategico cruciale)<\/li>\n<\/ul>\n<h5><span class=\"ez-toc-section\" id=\"%E2%9A%A0%EF%B8%8F_Priorita_condizionata_Evacuazione_valutata_caso_per_caso\"><\/span><strong>&#x26a0;&#xfe0f; Priorit\u00e0 condizionata (Evacuazione valutata caso per caso)<\/strong><span class=\"ez-toc-section-end\"><\/span><\/h5>\n<ul>\n<li><strong>Fratelli e sorelle<\/strong>, se ritenuti a rischio specifico o parte della protezione diplomatica<\/li>\n<li><strong>Genitori autosufficienti<\/strong>, se vivono in aree direttamente minacciate<\/li>\n<li><strong>Figli maggiorenni indipendenti<\/strong>, se ritenuti obiettivi sensibili (es. coinvolti in affari di Stato)<\/li>\n<\/ul>\n<h5><span class=\"ez-toc-section\" id=\"%E2%9D%8C_Non_inclusi_nei_piani_di_evacuazione_ufficiali\"><\/span><strong>&#x274c; Non inclusi nei piani di evacuazione ufficiali<\/strong><span class=\"ez-toc-section-end\"><\/span><\/h5>\n<ul>\n<li><strong>Cugini, zii e parenti di secondo grado<\/strong><\/li>\n<li><strong>Parenti acquisiti (suoceri, cognati, nipoti non a carico)<\/strong><\/li>\n<li><strong>Amici e conoscenti, anche se vicini alla famiglia del leader<\/strong><\/li>\n<\/ul>\n<h4><span class=\"ez-toc-section\" id=\"2_Quali_criteri_potrebbero_determinare_levacuazione\"><\/span><strong>2. Quali criteri potrebbero determinare l&#8217;evacuazione?<\/strong><span class=\"ez-toc-section-end\"><\/span><\/h4>\n<p>L\u2019inclusione dei familiari dipende da vari <strong>fattori strategici e operativi<\/strong>:<\/p>\n<ul>\n<li><strong>Importanza politica del leader<\/strong> \u2192 I leader pi\u00f9 influenti (es. Presidente della Commissione Europea, Segretario Generale della NATO) avranno una protezione familiare pi\u00f9 estesa.<\/li>\n<li><strong>Tipologia di minaccia<\/strong> \u2192 In caso di guerra nucleare o colpo di Stato, i familiari pi\u00f9 stretti sarebbero evacuati immediatamente. In una crisi pi\u00f9 lenta, potrebbero essere lasciati in aree protette senza evacuazione immediata.<\/li>\n<li><strong>Capacit\u00e0 logistica<\/strong> \u2192 L&#8217;evacuazione potrebbe essere limitata ai soli membri della famiglia stretta a causa di vincoli di trasporto e sicurezza.<\/li>\n<\/ul>\n<h4><span class=\"ez-toc-section\" id=\"3_Destinazioni_e_Sicurezza_dei_Familiari\"><\/span><strong>3. Destinazioni e Sicurezza dei Familiari<\/strong><span class=\"ez-toc-section-end\"><\/span><\/h4>\n<ul>\n<li><strong>Bunker o rifugi NATO \u201csicuri\u201d<\/strong> \u2192 Le famiglie potrebbero essere ospitate temporaneamente in strutture protette.<\/li>\n<li><strong>Trasferimento in paesi alleati<\/strong> \u2192 Stati Uniti, Regno Unito o Canada potrebbero accogliere i familiari di figure di alto livello per garantire la loro sicurezza.<\/li>\n<li><strong>Scorte private e protezione diplomatica<\/strong> \u2192 Alcuni familiari potrebbero ricevere protezione riservata, ma senza un&#8217;evacuazione immediata.<\/li>\n<\/ul>\n<p>I <strong>congiunti stretti<\/strong> delle alte cariche europee avrebbero accesso ai piani di evacuazione, ma con <strong>limitazioni basate su vincoli logistici, grado di parentela e livello di rischio<\/strong>. La protezione sarebbe massima per <strong>coniuge e figli<\/strong>, mentre altri parenti potrebbero ricevere solo protezione temporanea o essere esclusi dai piani di fuga.<\/p>\n<hr \/>\n<h3><span class=\"ez-toc-section\" id=\"Destinazioni_sicure_per_la_fuga\"><\/span><strong>Destinazioni sicure per la fuga<\/strong><span class=\"ez-toc-section-end\"><\/span><\/h3>\n<p>Le istituzioni europee e la NATO dispongono di piani di fuga ben definiti per i leader in caso di guerra. Le principali destinazioni sicure includono:<\/p>\n<h4><span class=\"ez-toc-section\" id=\"Basi_NATO_in_Europa\"><\/span><strong>Basi NATO in Europa<\/strong><span class=\"ez-toc-section-end\"><\/span><\/h4>\n<ul>\n<li><strong>Ramstein (Germania)<\/strong> \u2013 Base strategica della NATO<\/li>\n<li><strong>Aviano (Italia)<\/strong> \u2013 Installazione chiave per operazioni militari<\/li>\n<li><strong>Basi segrete in Belgio o Norvegia<\/strong><\/li>\n<li><strong>Bruxelles (Belgio)<\/strong> \u2013 Centro operativo NATO con possibili rifugi sotterranei<\/li>\n<\/ul>\n<h4><span class=\"ez-toc-section\" id=\"Paesi_Extraeuropei_Alleati\"><\/span><strong>Paesi Extraeuropei Alleati<\/strong><span class=\"ez-toc-section-end\"><\/span><\/h4>\n<ul>\n<li><strong>Regno Unito<\/strong> \u2013 Possibile sede temporanea del governo UE in esilio<\/li>\n<li><strong>Stati Uniti o Canada<\/strong> \u2013 Ultima opzione per garantire la continuit\u00e0 politica<\/li>\n<li><strong>Svizzera o Lussemburgo<\/strong> \u2013 Paesi con alta sicurezza e neutralit\u00e0 diplomatica<\/li>\n<li><strong>Islanda<\/strong> \u2013 Paese NATO geograficamente isolato, potenziale base d\u2019emergenza<\/li>\n<\/ul>\n<hr \/>\n<h3><span class=\"ez-toc-section\" id=\"Vulnerabilita_delle_Basi_NATO_e_Rischi_di_Individuazione_Satellitare\"><\/span><strong>Vulnerabilit\u00e0 delle Basi NATO e Rischi di Individuazione Satellitare<\/strong><span class=\"ez-toc-section-end\"><\/span><\/h3>\n<p>Nonostante l&#8217;apparente sicurezza offerta dalle basi segrete NATO e dai bunker sotterranei, esistono minacce emergenti che potrebbero compromettere l&#8217;efficacia di tali rifugi. Una di queste \u00e8 l&#8217;<strong>analisi avanzata dei <a href=\"https:\/\/www.endoacustica.com\/blog\/2025\/01\/05\/strategie-di-difesa-guerra\/\">grey time<\/a><\/strong>, ovvero l&#8217;osservazione di anomalie nei movimenti intorno a strutture segrete mediante immagini satellitari ad alta risoluzione.<\/p>\n<h4><span class=\"ez-toc-section\" id=\"Grey_Time_e_Analisi_Satellitare\"><\/span><strong>Grey Time e Analisi Satellitare<\/strong><span class=\"ez-toc-section-end\"><\/span><\/h4>\n<p>I servizi di intelligence russi e di altri stati avversari possono sfruttare <strong>satelliti spia avanzati<\/strong> per monitorare in tempo reale:<\/p>\n<ul>\n<li><strong>Variazioni nei pattern di movimento<\/strong> attorno alle basi segrete<\/li>\n<li><strong>Aumento improvviso del traffico aereo o terrestre<\/strong> verso un&#8217;area<\/li>\n<li><strong>Presenza di voli militari non schedulati<\/strong><\/li>\n<li><strong>Attivazione di protocolli di blackout elettronico<\/strong> (segnale di un&#8217;operazione di evacuazione)<\/li>\n<li><strong>Fluttuazioni termiche e segnali infrarossi<\/strong> derivanti da attivit\u00e0 sotterranee o aperture bunker<\/li>\n<\/ul>\n<p>Questo tipo di analisi permette di <strong>identificare con estrema precisione<\/strong> quando e dove viene eseguito un piano di evacuazione, esponendo le alte cariche europee a <strong>rischi estremamente seri<\/strong>.<\/p>\n<p>Anche se le basi NATO cercano di mascherare le operazioni di trasferimento, l\u2019intelligence russa potrebbe comunque individuare i movimenti attraverso un incrocio di dati <strong><a href=\"https:\/\/www.endoacustica.com\/blog\/2025\/01\/28\/sigint\/\">ELINT<\/a> (Electronic Intelligence)<\/strong> e <strong>IMINT (Imagery Intelligence)<\/strong>.<\/p>\n<hr \/>\n<h3><span class=\"ez-toc-section\" id=\"Missili_Oreshnik_la_Minaccia_ai_Bunker_Sotterranei\"><\/span><strong>Missili Oreshnik: la Minaccia ai Bunker Sotterranei<\/strong><span class=\"ez-toc-section-end\"><\/span><\/h3>\n<p>Un altro fattore che riduce la sicurezza di questi rifugi \u00e8 la nuova generazione di <strong>missili ipersonici Oreshnik <\/strong><b>con testate nucleari<\/b>, sviluppati dalla Russia, in grado di penetrare profondamente nel sottosuolo. Anche bunker situati a centinaia di metri sotto terra potrebbero non essere sicuri in caso di attacco diretto.<\/p>\n<p>Questi missili combinano:<\/p>\n<ul>\n<li><strong>Penetrazione bunker avanzata<\/strong> con testate specializzate capaci di perforare strati multipli di cemento e acciaio<\/li>\n<li><strong>Velocit\u00e0 ipersonica (&gt; Mach 5)<\/strong> che riduce i tempi di reazione dei sistemi di difesa<\/li>\n<li><strong>Guida intelligente e capacit\u00e0 di manovra<\/strong> per evitare le contromisure antimissile.<\/li>\n<\/ul>\n<p>Tutto ci\u00f2 mette in discussione la validit\u00e0 delle <strong>strategie di bunkerizzazione<\/strong>, rendendo necessaria una nuova concezione delle misure di evacuazione per le alte cariche europee. ( <strong>Esempio pratico:<\/strong> <strong>Spostamenti continui e imprevedibili<\/strong> tra pi\u00f9 localit\u00e0 sicure per evitare di essere un bersaglio statico. L\u2019UE potrebbe avere una rete di rifugi segreti collegati a basi NATO per <strong>ridurre la prevedibilit\u00e0 della posizione dei leader politici<\/strong>. Uso di <a href=\"https:\/\/www.endoacustica.com\/jammer-disturbatori-frequenza.php\">protezione elettronica<\/a> avanzata durante gli spostamenti.)<\/p>\n<hr \/>\n<h3><span class=\"ez-toc-section\" id=\"Modalita_di_evacuazione_e_sicurezza_delle_operazioni\"><\/span><strong>Modalit\u00e0 di evacuazione e sicurezza delle operazioni<\/strong><span class=\"ez-toc-section-end\"><\/span><\/h3>\n<p>L&#8217;evacuazione delle alte cariche dell&#8217;UE potrebbe avvenire attraverso:<\/p>\n<ul>\n<li><strong>Voli militari NATO o dell\u2019Aeronautica di Stati Membri <\/strong><strong>con u<\/strong><strong>so di velivoli stealth <\/strong><\/li>\n<li><strong>Corridoi terrestri sicuri verso aree meno esposte al conflitto<\/strong><\/li>\n<li><strong>Trasferimenti via nave, se necessario, in porti controllati da forze alleate<\/strong><\/li>\n<li><strong>Elicotteri strategici per spostamenti rapidi tra bunker e zone sicure<\/strong><\/li>\n<li><strong>Convogli blindati ad alta protezione per trasferimenti terrestri di emergenza<\/strong><\/li>\n<\/ul>\n<hr \/>\n<h3><span class=\"ez-toc-section\" id=\"Pericoli_di_Attentati_contro_le_Alte_Cariche_dellUE_e_della_NATO\"><\/span><strong>Pericoli di Attentati contro le Alte Cariche dell&#8217;UE e della NATO<\/strong><span class=\"ez-toc-section-end\"><\/span><\/h3>\n<h4><span class=\"ez-toc-section\" id=\"Analisi_e_Priorita_del_Rischio\"><\/span><strong>Analisi e Priorit\u00e0 del Rischio<\/strong><span class=\"ez-toc-section-end\"><\/span><\/h4>\n<p>Le alte cariche dell&#8217;Unione Europea e della NATO rappresentano obiettivi strategici per eventuali attacchi da parte di entit\u00e0 ostili, tra cui <strong>stati nemici, gruppi terroristici e organizzazioni di guerra ibrida<\/strong>. I rischi principali comprendono <strong>attentati fisici, attacchi informatici e operazioni di destabilizzazione mirate<\/strong>.<\/p>\n<h3><span class=\"ez-toc-section\" id=\"Tipologie_di_Minacce\"><\/span><strong>Tipologie di Minacce<\/strong><span class=\"ez-toc-section-end\"><\/span><\/h3>\n<h4><span class=\"ez-toc-section\" id=\"1_Attentati_Fisici\"><\/span><strong>1. Attentati Fisici<\/strong><span class=\"ez-toc-section-end\"><\/span><\/h4>\n<ul>\n<li><strong>Attacchi con armi da fuoco o esplosivi<\/strong> \u2013 Possibili azioni dirette contro leader politici durante eventi pubblici.<\/li>\n<li><strong>Avvelenamento o contaminazione<\/strong> \u2013 Uso di agenti chimici o biologici per colpire singoli individui o gruppi.<\/li>\n<li><strong>Rapimenti e sequestri<\/strong> \u2013 Tentativi di presa in ostaggio di rappresentanti o familiari, per fini politici o negoziali.<\/li>\n<li><strong>Attacchi con droni esplosivi<\/strong> \u2013 Minaccia emergente, particolarmente nelle aree urbane e durante eventi diplomatici.<\/li>\n<\/ul>\n<h4><span class=\"ez-toc-section\" id=\"2_Attacchi_Informatici\"><\/span><strong>2. Attacchi Informatici<\/strong><span class=\"ez-toc-section-end\"><\/span><\/h4>\n<ul>\n<li><strong>Hacking dei sistemi di comunicazione<\/strong> \u2013 Possibile compromissione di informazioni sensibili tramite cyber-attacchi.<\/li>\n<li><strong>Fake news e campagne di disinformazione<\/strong> \u2013 Diffusione di notizie false per destabilizzare l\u2019opinione pubblica e manipolare la percezione dei leader.<\/li>\n<li><strong>Sabotaggio delle infrastrutture digitali<\/strong> \u2013 Attacchi mirati a bloccare o compromettere sistemi di sicurezza e comunicazione governativa.<\/li>\n<\/ul>\n<h4><span class=\"ez-toc-section\" id=\"3_Guerra_Ibrida_e_Minacce_Indirette\"><\/span><strong>3. Guerra Ibrida e Minacce Indirette<\/strong><span class=\"ez-toc-section-end\"><\/span><\/h4>\n<ul>\n<li><strong>Operazioni sotto falsa bandiera<\/strong> \u2013 Attacchi eseguiti da gruppi che fingono di appartenere a una fazione interna per generare instabilit\u00e0.<\/li>\n<li><strong>Influenze politiche e corruzione<\/strong> \u2013 Tentativi di infiltrazione nelle istituzioni per indebolire governi e organismi internazionali tramite pressione economica, ricatti o corruzione mirata.<\/li>\n<\/ul>\n<hr \/>\n<h3><span class=\"ez-toc-section\" id=\"Probabile_Elenco_delle_Personalita_a_Rischio_e_Priorita_di_Protezione\"><\/span><strong>Probabile Elenco delle Personalit\u00e0 a Rischio e Priorit\u00e0 di Protezione<\/strong><span class=\"ez-toc-section-end\"><\/span><\/h3>\n<h4><span class=\"ez-toc-section\" id=\"Priorita_1_%E2%80%93_Massima_Protezione_Leader_Strategici_e_Militari\"><\/span><strong>Priorit\u00e0 1 \u2013 Massima Protezione (Leader Strategici e Militari)<\/strong><span class=\"ez-toc-section-end\"><\/span><\/h4>\n<ul>\n<li><strong>Ursula von der Leyen<\/strong> \u2013 Presidente della Commissione Europea<\/li>\n<li><strong>Kaja Kallas<\/strong> \u2013 Alto rappresentante per gli Affari Esteri e la Politica di Sicurezza<\/li>\n<li><strong>Ji\u0159\u00ed \u0160ediv\u00fd<\/strong> \u2013 Direttore esecutivo dell&#8217;Agenzia Europea per la Difesa<\/li>\n<li><strong>Mark Rutte \u2013 Segretario Generale della NATO<\/strong> \u2013 Figura chiave nella strategia di difesa europea<\/li>\n<li><strong>Charles Michel<\/strong> \u2013 Presidente del Consiglio Europeo<\/li>\n<\/ul>\n<h4><span class=\"ez-toc-section\" id=\"Priorita_2_%E2%80%93_Alta_Protezione_Figure_Militari_ed_Economiche_di_Rilievo\"><\/span><strong>Priorit\u00e0 2 \u2013 Alta Protezione (Figure Militari ed Economiche di Rilievo)<\/strong><span class=\"ez-toc-section-end\"><\/span><\/h4>\n<ul>\n<li><strong>Christine Lagarde<\/strong> \u2013 Presidente della Banca Centrale Europea<\/li>\n<li><strong>Paschal Donohoe<\/strong> \u2013 Presidente dell&#8217;Eurogruppo<\/li>\n<li><strong>Thierry Breton<\/strong> \u2013 Commissario per il Mercato Interno e la Difesa<\/li>\n<li><strong>Boris Pistorius<\/strong> \u2013 Ministro della Difesa della Germania<\/li>\n<li><strong>S\u00e9bastien Lecornu<\/strong> \u2013 Ministro della Difesa della Francia<\/li>\n<li><strong>Guido Crosetto<\/strong> \u2013 Ministro della Difesa dell&#8217;Italia<\/li>\n<li><strong>Altre figure Militari ed Economiche di Rilievo<\/strong><\/li>\n<li><strong>Rappresentanti delle principali industrie belliche europee<\/strong> (Leonardo, Rheinmetall, Airbus Defence)<\/li>\n<\/ul>\n<h4><span class=\"ez-toc-section\" id=\"Priorita_3_%E2%80%93_Protezione_Moderata_Figure_Politiche_di_Secondo_Livello\"><\/span><strong>Priorit\u00e0 3 \u2013 Protezione Moderata (Figure Politiche di Secondo Livello)<\/strong><span class=\"ez-toc-section-end\"><\/span><\/h4>\n<ul>\n<li><strong>Antonio Tajani<\/strong> \u2013 Ministro degli Esteri dell&#8217;Italia<\/li>\n<li><strong>Jos\u00e9 Manuel Albares<\/strong> \u2013 Ministro degli Esteri della Spagna<\/li>\n<li><strong>Andrii Sybiha<\/strong> \u2013 Ministro degli Esteri dell&#8217;Ucraina<\/li>\n<li><strong>Alti rappresentanti della Commissione Europea con ruoli chiave nella sicurezza e nell\u2019economia<\/strong><\/li>\n<\/ul>\n<hr \/>\n<h3><span class=\"ez-toc-section\" id=\"Alti_Rappresentanti_della_Gestione_Strategica_dellIndustria_Bellica_Europea_a_probabile_rischio_attentati\"><\/span><strong>Alti Rappresentanti della Gestione Strategica dell\u2019Industria Bellica Europea a probabile rischio attentati<\/strong><span class=\"ez-toc-section-end\"><\/span><\/h3>\n<p>L\u2019industria bellica europea \u00e8 un settore strategico che coinvolge numerose aziende, enti governativi e istituzioni sovranazionali. La gestione di questo comparto \u00e8 affidata a una serie di figure chiave che supervisionano lo sviluppo, la produzione e la distribuzione di armamenti e tecnologie di difesa avanzate. Questi rappresentanti operano a livello istituzionale, industriale e politico, collaborando strettamente con l&#8217;Agenzia Europea per la Difesa (EDA) e la NATO.<\/p>\n<h4><span class=\"ez-toc-section\" id=\"Commissione_Europea_%E2%80%93_Difesa_e_Industria_Bellica\"><\/span><strong>Commissione Europea \u2013 Difesa e Industria Bellica<\/strong><span class=\"ez-toc-section-end\"><\/span><\/h4>\n<p>La Commissione Europea svolge un ruolo essenziale nel coordinamento dell\u2019industria della difesa. Alcuni dei principali rappresentanti istituzionali coinvolti sono:<\/p>\n<ul>\n<li><strong>Thierry Breton<\/strong> \u2013 Commissario per il Mercato Interno e la Difesa, responsabile del coordinamento delle risorse industriali e della produzione di armamenti.<\/li>\n<li><strong>Timo Pesonen <\/strong><strong>Direttore Generale DG DEFIS (Direzione Generale per l\u2019Industria della Difesa e dello Spazio)<\/strong> \u2013 Figura chiave nella definizione delle politiche europee per la sicurezza e la difesa.<\/li>\n<li><strong>Andrius Kubilius <\/strong><strong>responsabile del <\/strong><strong>Fondo Europeo per la Difesa (EDF)<\/strong> \u2013 Supervisione della gestione finanziaria e degli investimenti destinati all\u2019innovazione tecnologica militare.<\/li>\n<\/ul>\n<h4><span class=\"ez-toc-section\" id=\"Agenzia_Europea_per_la_Difesa_EDA\"><\/span><strong>Agenzia Europea per la Difesa (EDA)<\/strong><span class=\"ez-toc-section-end\"><\/span><\/h4>\n<p>L\u2019EDA gioca un ruolo determinante nel rafforzamento delle capacit\u00e0 militari europee. Le figure di spicco includono:<\/p>\n<ul>\n<li><strong>Ji\u0159\u00ed \u0160ediv\u00fd<\/strong> \u2013 Direttore esecutivo dell&#8217;Agenzia Europea per la Difesa, responsabile della strategia militare e della collaborazione tra Stati membri.<\/li>\n<li><strong>Comitato Direttivo dell\u2019EDA<\/strong> \u2013 Composto da rappresentanti dei Ministeri della Difesa degli Stati membri dell\u2019UE, con il compito di approvare e dirigere le strategie di investimento nella difesa.<\/li>\n<\/ul>\n<h4><span class=\"ez-toc-section\" id=\"Consiglio_dellIndustria_della_Difesa_Europea_EDIB\"><\/span><strong>Consiglio dell&#8217;Industria della Difesa Europea (EDIB)<\/strong><span class=\"ez-toc-section-end\"><\/span><\/h4>\n<p>Questo organismo supervisiona lo sviluppo dell&#8217;industria bellica, coinvolgendo:<\/p>\n<ul>\n<li><strong>Presidente dell&#8217;EDIB<\/strong> \u2013 Figura scelta tra gli Stati membri per dirigere le strategie di produzione di armamenti e rafforzare la competitivit\u00e0 dell\u2019industria bellica europea.<\/li>\n<li><strong>Rappresentanti dei principali gruppi industriali del settore<\/strong> \u2013 CEOs e direttori esecutivi delle pi\u00f9 grandi aziende europee del comparto difesa, come Airbus Defence, BAE Systems, Leonardo e Rheinmetall.<\/li>\n<\/ul>\n<hr \/>\n<h3><span class=\"ez-toc-section\" id=\"Principali_Figure_dellIndustria_Bellica_Europea_a_probabile_rischio_attentati\"><\/span><strong>Principali Figure dell\u2019Industria Bellica Europea a probabile rischio attentati<\/strong><span class=\"ez-toc-section-end\"><\/span><\/h3>\n<h4><span class=\"ez-toc-section\" id=\"CEOs_e_Dirigenti_delle_Maggiori_Aziende_di_Difesa\"><\/span><strong>CEOs e Dirigenti delle Maggiori Aziende di Difesa<\/strong><span class=\"ez-toc-section-end\"><\/span><\/h4>\n<p>Le pi\u00f9 grandi aziende europee nel settore della difesa sono guidate da figure strategiche che influenzano lo sviluppo militare europeo:<\/p>\n<ul>\n<li><strong>Guillaume Faury<\/strong> \u2013 CEO di Airbus, con un ruolo chiave nella produzione aerospaziale e difensiva.<\/li>\n<li><strong>Alessandro Profumo<\/strong> \u2013 Ex CEO di Leonardo, influente nella produzione di tecnologie radar e aeronautiche.<\/li>\n<li><strong>Armin Papperger<\/strong> \u2013 CEO di Rheinmetall, azienda leader nella produzione di veicoli corazzati e sistemi d\u2019arma.<\/li>\n<li><strong>Charles Woodburn \u2013 <\/strong><strong>CEO di BAE Systems, una delle pi\u00f9 grandi aziende europee nel settore della difesa.<\/strong><\/li>\n<\/ul>\n<hr \/>\n<h3><span class=\"ez-toc-section\" id=\"Strategie_di_Mitigazione_del_Rischio\"><\/span><strong>Strategie di Mitigazione del Rischio<\/strong><span class=\"ez-toc-section-end\"><\/span><\/h3>\n<p>Di fronte alle minacce alla sicurezza delle alte cariche dell&#8217;UE e della NATO, verrebbero implementate strategie di mitigazione del rischio per garantire la loro protezione e la continuit\u00e0 delle istituzioni in caso di attacco. Queste strategie si articolano in tre ambiti principali: <strong>sicurezza fisica, sicurezza cibernetica e difesa contro la guerra ibrida<\/strong>.<\/p>\n<h4><span class=\"ez-toc-section\" id=\"1_Sicurezza_Fisica\"><\/span><strong>1. Sicurezza Fisica<\/strong><span class=\"ez-toc-section-end\"><\/span><\/h4>\n<p>Per proteggere le alte cariche da attentati fisici, potrebbero essere adottate misure avanzate di sicurezza personale e infrastrutturale.<\/p>\n<ul>\n<li><strong>Miglioramento della protezione personale con unit\u00e0 specializzate<\/strong>\n<ul>\n<li>Ogni leader di alto profilo \u00e8 protetto da <strong>scorte specializzate<\/strong> formate in operazioni anti-attentato.<\/li>\n<li>Le unit\u00e0 di protezione sono addestrate a gestire situazioni critiche, come tentativi di assassinio o sequestri.<\/li>\n<\/ul>\n<\/li>\n<li><strong>Uso di veicoli blindati e percorsi di sicurezza alternativi<\/strong>\n<ul>\n<li>Le alte cariche viaggiano su veicoli blindati di ultima generazione con sistemi di difesa avanzati.<\/li>\n<li>I percorsi vengono scelti <strong>in modo imprevedibile<\/strong> per ridurre il rischio di imboscate.<\/li>\n<li>Esistono <strong>vie di fuga sotterranee<\/strong> in alcune sedi istituzionali strategiche.<\/li>\n<\/ul>\n<\/li>\n<li><strong>Monitoraggio delle minacce con intelligence avanzata<\/strong>\n<ul>\n<li>Le agenzie di intelligence effettuano <strong>analisi predittive<\/strong> per individuare potenziali minacce in anticipo.<\/li>\n<li>Viene utilizzato il <strong>riconoscimento facciale in tempo reale<\/strong> per monitorare persone sospette in prossimit\u00e0 delle alte cariche.<\/li>\n<li>L&#8217;uso di <strong>droni di sorveglianza<\/strong> permette il controllo aereo di aree sensibili.<\/li>\n<\/ul>\n<\/li>\n<\/ul>\n<h4><span class=\"ez-toc-section\" id=\"2_Sicurezza_Cibernetica\"><\/span><strong>2. Sicurezza Cibernetica<\/strong><span class=\"ez-toc-section-end\"><\/span><\/h4>\n<p>La protezione delle reti digitali \u00e8 fondamentale per evitare fughe di informazioni riservate e attacchi informatici mirati.<\/p>\n<ul>\n<li><strong>Protezione delle reti di comunicazione contro cyberattacchi<\/strong>\n<ul>\n<li>Le comunicazioni tra le alte cariche avvengono su <a href=\"https:\/\/www.endoacustica.com\/cellulari-criptati.php\"><strong>reti <\/strong><strong>e cellulari <\/strong><strong>criptat<\/strong><\/a>i con protezioni di livello militare.<\/li>\n<li>I\u00a0 <a href=\"https:\/\/www.endoacustica.com\/mdp-protezione-dispositivi-mobili-intelligenza-artificiale.php\">dispositivi elettronici dei leader vengono costantemente monitorati<\/a> per prevenire attacchi malware o spyware.<\/li>\n<li>L\u2019uso di <strong>canali di comunicazione secondari off-grid<\/strong> garantisce la continuit\u00e0 operativa in caso di attacco.<\/li>\n<\/ul>\n<\/li>\n<li><strong>Controllo delle campagne di disinformazione e propaganda ostile<\/strong>\n<ul>\n<li>Viene effettuato un monitoraggio continuo delle piattaforme social e dei media per individuare campagne di <strong>fake news<\/strong>.<\/li>\n<li>Task force dedicate lavorano per <strong>smantellare reti di disinformazione<\/strong> finanziate da potenze ostili.<\/li>\n<li>Sistemi di intelligenza artificiale analizzano i contenuti online per identificare operazioni di <strong>manipolazione dell\u2019opinione pubblica<\/strong>.<\/li>\n<\/ul>\n<\/li>\n<li><strong>Collaborazione con unit\u00e0 di sicurezza informatica della NATO e degli Stati membri<\/strong>\n<ul>\n<li>L\u2019UE condivide in tempo reale <strong>dati sulle minacce informatiche<\/strong> con la NATO e i governi alleati.<\/li>\n<li>Gli esperti di sicurezza cibernetica collaborano a esercitazioni di simulazione di <strong>cyber warfare<\/strong>.<\/li>\n<li>Le infrastrutture critiche digitali vengono continuamente aggiornate per resistere ad attacchi zero-day.<\/li>\n<\/ul>\n<\/li>\n<\/ul>\n<h4><span class=\"ez-toc-section\" id=\"3_Difesa_Contro_la_Guerra_Ibrida\"><\/span><strong>3. Difesa Contro la Guerra Ibrida<\/strong><span class=\"ez-toc-section-end\"><\/span><\/h4>\n<p>La guerra moderna non si limita agli attacchi militari tradizionali, ma include strategie di destabilizzazione politica ed economica.<\/p>\n<ul>\n<li><strong>Formazione avanzata per il riconoscimento di minacce non convenzionali<\/strong>\n<ul>\n<li>Le alte cariche ricevono <strong>training specifico<\/strong> su tecniche di guerra ibrida, come manipolazione economica e infiltrazione politica.<\/li>\n<li>I servizi di sicurezza analizzano <strong>movimenti finanziari anomali<\/strong> per individuare tentativi di corruzione o sovversione interna.<\/li>\n<\/ul>\n<\/li>\n<li><strong>Adozione di protocolli di risposta rapida per operazioni di emergenza<\/strong>\n<ul>\n<li>Ogni alto funzionario ha accesso a un <strong>protocollo di evacuazione personalizzato<\/strong> per scenari critici.<\/li>\n<li>Le unit\u00e0 militari specializzate sono pronte a intervenire in caso di <strong>tentativi di colpo di Stato o attacchi coordinati<\/strong>.<\/li>\n<li>Sono predisposte <strong>zone di sicurezza blindate<\/strong> per il governo europeo in caso di crisi estrema.<\/li>\n<\/ul>\n<\/li>\n<li><strong>Potenziamento della cooperazione tra Stati membri per operazioni congiunte di intelligence<\/strong>\n<ul>\n<li>I governi UE e NATO operano congiuntamente attraverso centri di <strong>condivisione delle informazioni riservate<\/strong>.<\/li>\n<li>Le agenzie di intelligence europee collaborano con partner globali per anticipare <strong>operazioni di destabilizzazione geopolitica<\/strong>.<\/li>\n<li>Le unit\u00e0 antiterrorismo effettuano azioni preventive contro cellule dormienti legate a gruppi nemici.<\/li>\n<\/ul>\n<\/li>\n<\/ul>\n<hr \/>\n<h3><span class=\"ez-toc-section\" id=\"Conclusioni\"><\/span><strong>Conclusioni<\/strong><span class=\"ez-toc-section-end\"><\/span><\/h3>\n<p>L&#8217;<strong>UE e la NATO<\/strong> potrebbero adottare piani dettagliati per proteggere le proprie alte cariche e garantire la continuit\u00e0 del governo in caso di attacco. Il piano di evacuazione \u00e8 cruciale per <strong>mantenere l&#8217;unit\u00e0 politica<\/strong> e assicurare una <strong>risposta coordinata<\/strong> dell\u2019Unione in situazioni di emergenza.<\/p>\n<p>Grazie alla cooperazione con gli alleati e all\u2019implementazione di strategie avanzate di sicurezza, l\u2019Europa potrebbe <strong>preservare la stabilit\u00e0 delle sue istituzioni anche nelle situazioni pi\u00f9 critiche<\/strong>. Tuttavia, le implicazioni politiche ed economiche di un conflitto o di un attacco su larga scala richiedono <strong>una preparazione estremamente rigorosa<\/strong> per minimizzare i rischi di destabilizzazione.<\/p>\n<hr \/>\n<h3><span class=\"ez-toc-section\" id=\"Disclaimer\"><\/span><strong>Disclaimer<\/strong><span class=\"ez-toc-section-end\"><\/span><\/h3>\n<p>Le informazioni contenute in questo contenuto sono state raccolte esclusivamente da <strong>fonti aperte e di pubblico dominio<\/strong>, tra cui siti web istituzionali, rapporti ufficiali, testate giornalistiche accreditate e pubblicazioni accessibili al pubblico. <strong>Non sono state utilizzate informazioni riservate, classificate o ottenute tramite canali non autorizzati.<\/strong><\/p>\n<p>Questo articolo ha unicamente uno <strong>scopo informativo e analitico<\/strong>, basato su dati pubblicamente disponibili, e <strong>non intende in alcun modo compromettere la sicurezza nazionale o internazionale<\/strong>. Qualsiasi riferimento a strategie di sicurezza o protocolli di evacuazione deriva da analisi di informazioni note al pubblico e <strong>non implica la divulgazione di procedure operative riservate<\/strong>.<\/p>\n<p>Le immagini eventualmente presenti in questo articolo <strong>sono puramente illustrative e casuali<\/strong>. <strong>Non si riferiscono a persone reali, luoghi specifici, eventi o individui citati nel testo.<\/strong><\/p>\n<p><strong>In caso di inesattezze, si invita a segnalare eventuali correzioni basate su fonti verificabili.<\/strong><\/p>\n","protected":false},"excerpt":{"rendered":"<p>Strategie e Destinazioni Sicure In caso di una guerra continentale tra Russia ed Europa, le alte cariche dell&#8217;Unione Europea coinvolte in un piano di evacuazione e continuit\u00e0 del governo avrebbero diverse opzioni di fuga basate su protocolli di sicurezza stabiliti per i leader dell&#8217;UE. Possibili Destinazioni di Fuga Rifugi sicuri<\/p>\n","protected":false},"author":452,"featured_media":9463,"comment_status":"open","ping_status":"open","sticky":false,"template":"","format":"standard","meta":{"_acf_changed":false,"footnotes":""},"categories":[1],"tags":[1645],"class_list":["post-9462","post","type-post","status-publish","format-standard","has-post-thumbnail","hentry","category-tecnologia","tag-evacuazione-delle-alte-cariche-dellue-in-caso-di-conflitto","two-columns"],"acf":[],"_links":{"self":[{"href":"https:\/\/www.endoacustica.com\/blog\/wp-json\/wp\/v2\/posts\/9462","targetHints":{"allow":["GET"]}}],"collection":[{"href":"https:\/\/www.endoacustica.com\/blog\/wp-json\/wp\/v2\/posts"}],"about":[{"href":"https:\/\/www.endoacustica.com\/blog\/wp-json\/wp\/v2\/types\/post"}],"author":[{"embeddable":true,"href":"https:\/\/www.endoacustica.com\/blog\/wp-json\/wp\/v2\/users\/452"}],"replies":[{"embeddable":true,"href":"https:\/\/www.endoacustica.com\/blog\/wp-json\/wp\/v2\/comments?post=9462"}],"version-history":[{"count":21,"href":"https:\/\/www.endoacustica.com\/blog\/wp-json\/wp\/v2\/posts\/9462\/revisions"}],"predecessor-version":[{"id":9781,"href":"https:\/\/www.endoacustica.com\/blog\/wp-json\/wp\/v2\/posts\/9462\/revisions\/9781"}],"wp:featuredmedia":[{"embeddable":true,"href":"https:\/\/www.endoacustica.com\/blog\/wp-json\/wp\/v2\/media\/9463"}],"wp:attachment":[{"href":"https:\/\/www.endoacustica.com\/blog\/wp-json\/wp\/v2\/media?parent=9462"}],"wp:term":[{"taxonomy":"category","embeddable":true,"href":"https:\/\/www.endoacustica.com\/blog\/wp-json\/wp\/v2\/categories?post=9462"},{"taxonomy":"post_tag","embeddable":true,"href":"https:\/\/www.endoacustica.com\/blog\/wp-json\/wp\/v2\/tags?post=9462"}],"curies":[{"name":"wp","href":"https:\/\/api.w.org\/{rel}","templated":true}]}}