{"id":5784,"date":"2025-03-30T00:33:40","date_gmt":"2025-03-29T23:33:40","guid":{"rendered":"https:\/\/www.endoacustica.com\/blogen\/?p=5784"},"modified":"2026-03-30T14:05:44","modified_gmt":"2026-03-30T13:05:44","slug":"how-the-eu-plans-to-evacuate-its-top-officials-in-the-event-of-a-russia-europe-war","status":"publish","type":"post","link":"https:\/\/www.endoacustica.com\/blogen\/2025\/03\/30\/how-the-eu-plans-to-evacuate-its-top-officials-in-the-event-of-a-russia-europe-war\/","title":{"rendered":"How the EU Plans to Evacuate Its Top Officials in the Event of a Russia-Europe War"},"content":{"rendered":"<div id=\"ez-toc-container\" class=\"ez-toc-v2_0_82_2 counter-hierarchy ez-toc-counter ez-toc-grey ez-toc-container-direction\">\n<div class=\"ez-toc-title-container\">\n<p class=\"ez-toc-title\" style=\"cursor:inherit\">Table of Contents<\/p>\n<span class=\"ez-toc-title-toggle\"><a href=\"#\" class=\"ez-toc-pull-right ez-toc-btn ez-toc-btn-xs ez-toc-btn-default ez-toc-toggle\" aria-label=\"Toggle Table of Content\"><span class=\"ez-toc-js-icon-con\"><span class=\"\"><span class=\"eztoc-hide\" style=\"display:none;\">Toggle<\/span><span class=\"ez-toc-icon-toggle-span\"><svg style=\"fill: #999;color:#999\" xmlns=\"http:\/\/www.w3.org\/2000\/svg\" class=\"list-377408\" width=\"20px\" height=\"20px\" viewBox=\"0 0 24 24\" fill=\"none\"><path d=\"M6 6H4v2h2V6zm14 0H8v2h12V6zM4 11h2v2H4v-2zm16 0H8v2h12v-2zM4 16h2v2H4v-2zm16 0H8v2h12v-2z\" fill=\"currentColor\"><\/path><\/svg><svg style=\"fill: #999;color:#999\" class=\"arrow-unsorted-368013\" xmlns=\"http:\/\/www.w3.org\/2000\/svg\" width=\"10px\" height=\"10px\" viewBox=\"0 0 24 24\" version=\"1.2\" baseProfile=\"tiny\"><path d=\"M18.2 9.3l-6.2-6.3-6.2 6.3c-.2.2-.3.4-.3.7s.1.5.3.7c.2.2.4.3.7.3h11c.3 0 .5-.1.7-.3.2-.2.3-.5.3-.7s-.1-.5-.3-.7zM5.8 14.7l6.2 6.3 6.2-6.3c.2-.2.3-.5.3-.7s-.1-.5-.3-.7c-.2-.2-.4-.3-.7-.3h-11c-.3 0-.5.1-.7.3-.2.2-.3.5-.3.7s.1.5.3.7z\"\/><\/svg><\/span><\/span><\/span><\/a><\/span><\/div>\n<nav><ul class='ez-toc-list ez-toc-list-level-1 eztoc-toggle-hide-by-default' ><li class='ez-toc-page-1 ez-toc-heading-level-3'><a class=\"ez-toc-link ez-toc-heading-1\" href=\"https:\/\/www.endoacustica.com\/blogen\/2025\/03\/30\/how-the-eu-plans-to-evacuate-its-top-officials-in-the-event-of-a-russia-europe-war\/#Safe_Strategies_and_Destinations\" >Safe Strategies and Destinations<\/a><\/li><li class='ez-toc-page-1 ez-toc-heading-level-3'><a class=\"ez-toc-link ez-toc-heading-2\" href=\"https:\/\/www.endoacustica.com\/blogen\/2025\/03\/30\/how-the-eu-plans-to-evacuate-its-top-officials-in-the-event-of-a-russia-europe-war\/#Possible_Evacuation_Destinations\" >Possible Evacuation Destinations<\/a><\/li><li class='ez-toc-page-1 ez-toc-heading-level-3'><a class=\"ez-toc-link ez-toc-heading-3\" href=\"https:\/\/www.endoacustica.com\/blogen\/2025\/03\/30\/how-the-eu-plans-to-evacuate-its-top-officials-in-the-event-of-a-russia-europe-war\/#Who_Would_Be_Involved_in_the_Evacuation\" >Who Would Be Involved in the Evacuation?<\/a><ul class='ez-toc-list-level-4' ><li class='ez-toc-heading-level-4'><a class=\"ez-toc-link ez-toc-heading-4\" href=\"https:\/\/www.endoacustica.com\/blogen\/2025\/03\/30\/how-the-eu-plans-to-evacuate-its-top-officials-in-the-event-of-a-russia-europe-war\/#European_Commission_EU_Executive\" >European Commission (EU Executive)<\/a><\/li><li class='ez-toc-page-1 ez-toc-heading-level-4'><a class=\"ez-toc-link ez-toc-heading-5\" href=\"https:\/\/www.endoacustica.com\/blogen\/2025\/03\/30\/how-the-eu-plans-to-evacuate-its-top-officials-in-the-event-of-a-russia-europe-war\/#European_Council_National_Leaders_Representation\" >European Council (National Leaders&#8217; Representation)<\/a><\/li><li class='ez-toc-page-1 ez-toc-heading-level-4'><a class=\"ez-toc-link ez-toc-heading-6\" href=\"https:\/\/www.endoacustica.com\/blogen\/2025\/03\/30\/how-the-eu-plans-to-evacuate-its-top-officials-in-the-event-of-a-russia-europe-war\/#Foreign_and_Defense_Ministers_of_EU_Member_States\" >Foreign and Defense Ministers of EU Member States:<\/a><\/li><li class='ez-toc-page-1 ez-toc-heading-level-4'><a class=\"ez-toc-link ez-toc-heading-7\" href=\"https:\/\/www.endoacustica.com\/blogen\/2025\/03\/30\/how-the-eu-plans-to-evacuate-its-top-officials-in-the-event-of-a-russia-europe-war\/#European_Defence_Agency_and_NATO\" >European Defence Agency and NATO<\/a><\/li><\/ul><\/li><li class='ez-toc-page-1 ez-toc-heading-level-3'><a class=\"ez-toc-link ez-toc-heading-8\" href=\"https:\/\/www.endoacustica.com\/blogen\/2025\/03\/30\/how-the-eu-plans-to-evacuate-its-top-officials-in-the-event-of-a-russia-europe-war\/#Evacuation_of_Family_Members_of_Top_EU_Officials\" >Evacuation of Family Members of Top EU Officials<\/a><ul class='ez-toc-list-level-4' ><li class='ez-toc-heading-level-4'><a class=\"ez-toc-link ez-toc-heading-9\" href=\"https:\/\/www.endoacustica.com\/blogen\/2025\/03\/30\/how-the-eu-plans-to-evacuate-its-top-officials-in-the-event-of-a-russia-europe-war\/#1_Which_family_members_might_be_evacuated\" >1. Which family members might be evacuated?<\/a><ul class='ez-toc-list-level-5' ><li class='ez-toc-heading-level-5'><a class=\"ez-toc-link ez-toc-heading-10\" href=\"https:\/\/www.endoacustica.com\/blogen\/2025\/03\/30\/how-the-eu-plans-to-evacuate-its-top-officials-in-the-event-of-a-russia-europe-war\/#%E2%9C%85_Highest_Priority_Guaranteed_evacuation\" >&#x2705; Highest Priority (Guaranteed evacuation)<\/a><\/li><li class='ez-toc-page-1 ez-toc-heading-level-5'><a class=\"ez-toc-link ez-toc-heading-11\" href=\"https:\/\/www.endoacustica.com\/blogen\/2025\/03\/30\/how-the-eu-plans-to-evacuate-its-top-officials-in-the-event-of-a-russia-europe-war\/#%E2%9A%A0%EF%B8%8F_Conditional_Priority_Case-by-case_evacuation\" >&#x26a0;&#xfe0f; Conditional Priority (Case-by-case evacuation)<\/a><\/li><li class='ez-toc-page-1 ez-toc-heading-level-5'><a class=\"ez-toc-link ez-toc-heading-12\" href=\"https:\/\/www.endoacustica.com\/blogen\/2025\/03\/30\/how-the-eu-plans-to-evacuate-its-top-officials-in-the-event-of-a-russia-europe-war\/#%E2%9D%8C_Not_included_in_official_evacuation_plans\" >&#x274c; Not included in official evacuation plans<\/a><\/li><\/ul><\/li><li class='ez-toc-page-1 ez-toc-heading-level-4'><a class=\"ez-toc-link ez-toc-heading-13\" href=\"https:\/\/www.endoacustica.com\/blogen\/2025\/03\/30\/how-the-eu-plans-to-evacuate-its-top-officials-in-the-event-of-a-russia-europe-war\/#2_What_factors_could_influence_the_evacuation\" >2. What factors could influence the evacuation?<\/a><\/li><li class='ez-toc-page-1 ez-toc-heading-level-4'><a class=\"ez-toc-link ez-toc-heading-14\" href=\"https:\/\/www.endoacustica.com\/blogen\/2025\/03\/30\/how-the-eu-plans-to-evacuate-its-top-officials-in-the-event-of-a-russia-europe-war\/#3_Destination_and_Security_of_Family_Members\" >3. Destination and Security of Family Members<\/a><\/li><\/ul><\/li><li class='ez-toc-page-1 ez-toc-heading-level-3'><a class=\"ez-toc-link ez-toc-heading-15\" href=\"https:\/\/www.endoacustica.com\/blogen\/2025\/03\/30\/how-the-eu-plans-to-evacuate-its-top-officials-in-the-event-of-a-russia-europe-war\/#Secure_Evacuation_Destinations\" >Secure Evacuation Destinations<\/a><ul class='ez-toc-list-level-4' ><li class='ez-toc-heading-level-4'><a class=\"ez-toc-link ez-toc-heading-16\" href=\"https:\/\/www.endoacustica.com\/blogen\/2025\/03\/30\/how-the-eu-plans-to-evacuate-its-top-officials-in-the-event-of-a-russia-europe-war\/#NATO_Bases_in_Europe\" >NATO Bases in Europe<\/a><\/li><li class='ez-toc-page-1 ez-toc-heading-level-4'><a class=\"ez-toc-link ez-toc-heading-17\" href=\"https:\/\/www.endoacustica.com\/blogen\/2025\/03\/30\/how-the-eu-plans-to-evacuate-its-top-officials-in-the-event-of-a-russia-europe-war\/#Allied_Countries_Outside_Europe\" >Allied Countries Outside Europe<\/a><\/li><\/ul><\/li><li class='ez-toc-page-1 ez-toc-heading-level-3'><a class=\"ez-toc-link ez-toc-heading-18\" href=\"https:\/\/www.endoacustica.com\/blogen\/2025\/03\/30\/how-the-eu-plans-to-evacuate-its-top-officials-in-the-event-of-a-russia-europe-war\/#Vulnerabilities_of_NATO_Bases_and_Satellite_Detection_Risks\" >Vulnerabilities of NATO Bases and Satellite Detection Risks<\/a><ul class='ez-toc-list-level-4' ><li class='ez-toc-heading-level-4'><a class=\"ez-toc-link ez-toc-heading-19\" href=\"https:\/\/www.endoacustica.com\/blogen\/2025\/03\/30\/how-the-eu-plans-to-evacuate-its-top-officials-in-the-event-of-a-russia-europe-war\/#Grey_Time_and_Satellite_Surveillance\" >Grey Time and Satellite Surveillance<\/a><\/li><\/ul><\/li><li class='ez-toc-page-1 ez-toc-heading-level-3'><a class=\"ez-toc-link ez-toc-heading-20\" href=\"https:\/\/www.endoacustica.com\/blogen\/2025\/03\/30\/how-the-eu-plans-to-evacuate-its-top-officials-in-the-event-of-a-russia-europe-war\/#Oreshnik_Missiles_The_Threat_to_Underground_Bunkers\" >Oreshnik Missiles: The Threat to Underground Bunkers<\/a><\/li><li class='ez-toc-page-1 ez-toc-heading-level-3'><a class=\"ez-toc-link ez-toc-heading-21\" href=\"https:\/\/www.endoacustica.com\/blogen\/2025\/03\/30\/how-the-eu-plans-to-evacuate-its-top-officials-in-the-event-of-a-russia-europe-war\/#Evacuation_Methods_and_Operational_Security\" >Evacuation Methods and Operational Security<\/a><\/li><li class='ez-toc-page-1 ez-toc-heading-level-3'><a class=\"ez-toc-link ez-toc-heading-22\" href=\"https:\/\/www.endoacustica.com\/blogen\/2025\/03\/30\/how-the-eu-plans-to-evacuate-its-top-officials-in-the-event-of-a-russia-europe-war\/#Threats_Against_Top_EU_and_NATO_Officials\" >Threats Against Top EU and NATO Officials<\/a><ul class='ez-toc-list-level-4' ><li class='ez-toc-heading-level-4'><a class=\"ez-toc-link ez-toc-heading-23\" href=\"https:\/\/www.endoacustica.com\/blogen\/2025\/03\/30\/how-the-eu-plans-to-evacuate-its-top-officials-in-the-event-of-a-russia-europe-war\/#Risk_Analysis_and_Prioritization\" >Risk Analysis and Prioritization<\/a><\/li><\/ul><\/li><li class='ez-toc-page-1 ez-toc-heading-level-3'><a class=\"ez-toc-link ez-toc-heading-24\" href=\"https:\/\/www.endoacustica.com\/blogen\/2025\/03\/30\/how-the-eu-plans-to-evacuate-its-top-officials-in-the-event-of-a-russia-europe-war\/#Types_of_Threats\" >Types of Threats<\/a><ul class='ez-toc-list-level-4' ><li class='ez-toc-heading-level-4'><a class=\"ez-toc-link ez-toc-heading-25\" href=\"https:\/\/www.endoacustica.com\/blogen\/2025\/03\/30\/how-the-eu-plans-to-evacuate-its-top-officials-in-the-event-of-a-russia-europe-war\/#1_Physical_Attacks\" >1. Physical Attacks<\/a><\/li><li class='ez-toc-page-1 ez-toc-heading-level-4'><a class=\"ez-toc-link ez-toc-heading-26\" href=\"https:\/\/www.endoacustica.com\/blogen\/2025\/03\/30\/how-the-eu-plans-to-evacuate-its-top-officials-in-the-event-of-a-russia-europe-war\/#2_Cyber_Attacks\" >2. Cyber Attacks<\/a><\/li><li class='ez-toc-page-1 ez-toc-heading-level-4'><a class=\"ez-toc-link ez-toc-heading-27\" href=\"https:\/\/www.endoacustica.com\/blogen\/2025\/03\/30\/how-the-eu-plans-to-evacuate-its-top-officials-in-the-event-of-a-russia-europe-war\/#3_Hybrid_Warfare_and_Indirect_Threats\" >3. Hybrid Warfare and Indirect Threats<\/a><\/li><\/ul><\/li><li class='ez-toc-page-1 ez-toc-heading-level-3'><a class=\"ez-toc-link ez-toc-heading-28\" href=\"https:\/\/www.endoacustica.com\/blogen\/2025\/03\/30\/how-the-eu-plans-to-evacuate-its-top-officials-in-the-event-of-a-russia-europe-war\/#Likely_High-Risk_Figures_and_Protection_Priorities\" >Likely High-Risk Figures and Protection Priorities<\/a><ul class='ez-toc-list-level-4' ><li class='ez-toc-heading-level-4'><a class=\"ez-toc-link ez-toc-heading-29\" href=\"https:\/\/www.endoacustica.com\/blogen\/2025\/03\/30\/how-the-eu-plans-to-evacuate-its-top-officials-in-the-event-of-a-russia-europe-war\/#Priority_1_%E2%80%93_Maximum_Protection_Strategic_and_Military_Leaders\" >Priority 1 \u2013 Maximum Protection (Strategic and Military Leaders)<\/a><\/li><li class='ez-toc-page-1 ez-toc-heading-level-4'><a class=\"ez-toc-link ez-toc-heading-30\" href=\"https:\/\/www.endoacustica.com\/blogen\/2025\/03\/30\/how-the-eu-plans-to-evacuate-its-top-officials-in-the-event-of-a-russia-europe-war\/#Priority_2_%E2%80%93_High_Protection_Key_Military_and_Economic_Figures\" >Priority 2 \u2013 High Protection (Key Military and Economic Figures)<\/a><\/li><li class='ez-toc-page-1 ez-toc-heading-level-4'><a class=\"ez-toc-link ez-toc-heading-31\" href=\"https:\/\/www.endoacustica.com\/blogen\/2025\/03\/30\/how-the-eu-plans-to-evacuate-its-top-officials-in-the-event-of-a-russia-europe-war\/#Priority_3_%E2%80%93_Moderate_Protection_Second-Level_Political_Figures\" >Priority 3 \u2013 Moderate Protection (Second-Level Political Figures)<\/a><\/li><\/ul><\/li><li class='ez-toc-page-1 ez-toc-heading-level-3'><a class=\"ez-toc-link ez-toc-heading-32\" href=\"https:\/\/www.endoacustica.com\/blogen\/2025\/03\/30\/how-the-eu-plans-to-evacuate-its-top-officials-in-the-event-of-a-russia-europe-war\/#Senior_Figures_in_the_European_Defense_Industry_Likely_at_Risk_of_Targeted_Attacks\" >Senior Figures in the European Defense Industry Likely at Risk of Targeted Attacks<\/a><ul class='ez-toc-list-level-4' ><li class='ez-toc-heading-level-4'><a class=\"ez-toc-link ez-toc-heading-33\" href=\"https:\/\/www.endoacustica.com\/blogen\/2025\/03\/30\/how-the-eu-plans-to-evacuate-its-top-officials-in-the-event-of-a-russia-europe-war\/#European_Commission_%E2%80%93_Defense_and_Industry_Oversight\" >European Commission \u2013 Defense and Industry Oversight<\/a><\/li><li class='ez-toc-page-1 ez-toc-heading-level-4'><a class=\"ez-toc-link ez-toc-heading-34\" href=\"https:\/\/www.endoacustica.com\/blogen\/2025\/03\/30\/how-the-eu-plans-to-evacuate-its-top-officials-in-the-event-of-a-russia-europe-war\/#European_Defence_Agency_EDA\" >European Defence Agency (EDA)<\/a><\/li><li class='ez-toc-page-1 ez-toc-heading-level-4'><a class=\"ez-toc-link ez-toc-heading-35\" href=\"https:\/\/www.endoacustica.com\/blogen\/2025\/03\/30\/how-the-eu-plans-to-evacuate-its-top-officials-in-the-event-of-a-russia-europe-war\/#European_Defence_Industry_Board_EDIB\" >European Defence Industry Board (EDIB)<\/a><\/li><\/ul><\/li><li class='ez-toc-page-1 ez-toc-heading-level-3'><a class=\"ez-toc-link ez-toc-heading-36\" href=\"https:\/\/www.endoacustica.com\/blogen\/2025\/03\/30\/how-the-eu-plans-to-evacuate-its-top-officials-in-the-event-of-a-russia-europe-war\/#Key_Figures_in_the_European_Defense_Industry_Likely_at_Risk_of_Attacks\" >Key Figures in the European Defense Industry Likely at Risk of Attacks<\/a><ul class='ez-toc-list-level-4' ><li class='ez-toc-heading-level-4'><a class=\"ez-toc-link ez-toc-heading-37\" href=\"https:\/\/www.endoacustica.com\/blogen\/2025\/03\/30\/how-the-eu-plans-to-evacuate-its-top-officials-in-the-event-of-a-russia-europe-war\/#CEOs_and_Executives_of_Major_Defense_Companies\" >CEOs and Executives of Major Defense Companies<\/a><\/li><\/ul><\/li><li class='ez-toc-page-1 ez-toc-heading-level-3'><a class=\"ez-toc-link ez-toc-heading-38\" href=\"https:\/\/www.endoacustica.com\/blogen\/2025\/03\/30\/how-the-eu-plans-to-evacuate-its-top-officials-in-the-event-of-a-russia-europe-war\/#Risk_Mitigation_Strategies\" >Risk Mitigation Strategies<\/a><ul class='ez-toc-list-level-4' ><li class='ez-toc-heading-level-4'><a class=\"ez-toc-link ez-toc-heading-39\" href=\"https:\/\/www.endoacustica.com\/blogen\/2025\/03\/30\/how-the-eu-plans-to-evacuate-its-top-officials-in-the-event-of-a-russia-europe-war\/#1_Physical_Security\" >1. Physical Security<\/a><\/li><li class='ez-toc-page-1 ez-toc-heading-level-4'><a class=\"ez-toc-link ez-toc-heading-40\" href=\"https:\/\/www.endoacustica.com\/blogen\/2025\/03\/30\/how-the-eu-plans-to-evacuate-its-top-officials-in-the-event-of-a-russia-europe-war\/#2_Cyber_Security\" >2. Cyber Security<\/a><\/li><li class='ez-toc-page-1 ez-toc-heading-level-4'><a class=\"ez-toc-link ez-toc-heading-41\" href=\"https:\/\/www.endoacustica.com\/blogen\/2025\/03\/30\/how-the-eu-plans-to-evacuate-its-top-officials-in-the-event-of-a-russia-europe-war\/#3_Defense_Against_Hybrid_Warfare\" >3. Defense Against Hybrid Warfare<\/a><\/li><\/ul><\/li><li class='ez-toc-page-1 ez-toc-heading-level-3'><a class=\"ez-toc-link ez-toc-heading-42\" href=\"https:\/\/www.endoacustica.com\/blogen\/2025\/03\/30\/how-the-eu-plans-to-evacuate-its-top-officials-in-the-event-of-a-russia-europe-war\/#Conclusions\" >Conclusions<\/a><\/li><li class='ez-toc-page-1 ez-toc-heading-level-3'><a class=\"ez-toc-link ez-toc-heading-43\" href=\"https:\/\/www.endoacustica.com\/blogen\/2025\/03\/30\/how-the-eu-plans-to-evacuate-its-top-officials-in-the-event-of-a-russia-europe-war\/#Disclaimer\" >Disclaimer<\/a><\/li><\/ul><\/nav><\/div>\n<h3><span class=\"ez-toc-section\" id=\"Safe_Strategies_and_Destinations\"><\/span><strong>Safe Strategies and Destinations<\/strong><span class=\"ez-toc-section-end\"><\/span><\/h3>\n<p>If a full-scale war were to break out between Russia and Europe, top officials of the European Union would follow pre-established emergency protocols to evacuate and ensure the continuity of EU governance.<\/p>\n<h3><span class=\"ez-toc-section\" id=\"Possible_Evacuation_Destinations\"><\/span><strong>Possible Evacuation Destinations<\/strong><span class=\"ez-toc-section-end\"><\/span><\/h3>\n<ol>\n<li><strong>Secure shelters within the EU<\/strong> \u2013 NATO and the EU have secret bunkers and safe locations specifically prepared for key leaders. These could be located in Belgium, Germany, or in secure areas in the Alps.<\/li>\n<li><strong>Relocation to a safe NATO country<\/strong> \u2013 If remaining in Europe becomes too dangerous, EU officials could be flown to <strong>the United States, Canada, or the United Kingdom<\/strong>, which are strong NATO allies and host military command centers.<\/li>\n<li><strong>Strategic NATO bases<\/strong> \u2013 Locations like <strong>Ramstein (Germany), Aviano (Italy)<\/strong>, or a base in <strong>Norway<\/strong> may be used as operational hubs to keep the EU leadership functioning during wartime.<\/li>\n<li><strong>Luxembourg or Switzerland<\/strong> \u2013 Both countries are known for their high security and political neutrality, and could temporarily host EU emergency offices.<\/li>\n<\/ol>\n<p>If the conflict were to escalate suddenly and severely, evacuation could take place via <strong>emergency military flights<\/strong>, most likely arranged by the United States or the United Kingdom.<\/p>\n<hr \/>\n<h3><span class=\"ez-toc-section\" id=\"Who_Would_Be_Involved_in_the_Evacuation\"><\/span><strong>Who Would Be Involved in the Evacuation?<\/strong><span class=\"ez-toc-section-end\"><\/span><\/h3>\n<p>If a conflict were to break out, the most important EU institutional figures would likely be included in an emergency evacuation plan to ensure the continuity of European governance.<\/p>\n<h4><span class=\"ez-toc-section\" id=\"European_Commission_EU_Executive\"><\/span><strong>European Commission (EU Executive)<\/strong><span class=\"ez-toc-section-end\"><\/span><\/h4>\n<ul>\n<li><strong>Ursula von der Leyen<\/strong> \u2013 President of the European Commission<\/li>\n<li><strong>Kaja Kallas<\/strong> \u2013 High Representative for Foreign Affairs and Security Policy<\/li>\n<li><strong>Maro\u0161 \u0160ef\u010dovi\u010d<\/strong> \u2013 Executive Vice-President for Interinstitutional Relations<\/li>\n<li><strong>Thierry Breton<\/strong> \u2013 Commissioner for Internal Market and Defense<\/li>\n<li><strong>Paolo Gentiloni<\/strong> \u2013 Commissioner for Economy<\/li>\n<li><strong>Ylva Johansson<\/strong> \u2013 Commissioner for Home Affairs and Security<\/li>\n<li><strong>Janez Lenar\u010di\u010d<\/strong> \u2013 Commissioner for Crisis Management<\/li>\n<li><strong>Raffaele Fitto<\/strong> \u2013 Executive Vice-President for Cohesion and Reforms<\/li>\n<li><strong>Other European Commissioners with strategic roles in security, defense, and economic matters<\/strong><\/li>\n<\/ul>\n<h4><span class=\"ez-toc-section\" id=\"European_Council_National_Leaders_Representation\"><\/span><strong>European Council (National Leaders&#8217; Representation)<\/strong><span class=\"ez-toc-section-end\"><\/span><\/h4>\n<ul>\n<li><strong>Charles Michel<\/strong> \u2013 President of the European Council<\/li>\n<li><strong>Roberta Metsola<\/strong> \u2013 President of the European Parliament<\/li>\n<li><strong>Christine Lagarde<\/strong> \u2013 President of the European Central Bank<\/li>\n<li><strong>Paschal Donohoe<\/strong> \u2013 President of the Eurogroup<\/li>\n<\/ul>\n<h4><span class=\"ez-toc-section\" id=\"Foreign_and_Defense_Ministers_of_EU_Member_States\"><\/span><strong>Foreign and Defense Ministers of EU Member States:<\/strong><span class=\"ez-toc-section-end\"><\/span><\/h4>\n<ul>\n<li><strong>Antonio Tajani<\/strong> (Italy, Minister of Foreign Affairs)<\/li>\n<li><strong>Guido Crosetto<\/strong> (Italy, Minister of Defense)<\/li>\n<li><strong>Catherine Colonna<\/strong> (France, Minister of Foreign Affairs)<\/li>\n<li><strong>S\u00e9bastien Lecornu<\/strong> (France, Minister of Defense)<\/li>\n<li><strong>Annalena Baerbock<\/strong> (Germany, Minister of Foreign Affairs)<\/li>\n<li><strong>Boris Pistorius<\/strong> (Germany, Minister of Defense)<\/li>\n<li><strong>Jos\u00e9 Manuel Albares<\/strong> (Spain, Minister of Foreign Affairs)<\/li>\n<li><strong>Margarita Robles<\/strong> (Spain, Minister of Defense)<\/li>\n<li><strong>Andrii Sybiha<\/strong> (Ukraine, Minister of Foreign Affairs)<\/li>\n<li><strong>Other ministers from strategically important EU member states<\/strong><\/li>\n<\/ul>\n<h4><span class=\"ez-toc-section\" id=\"European_Defence_Agency_and_NATO\"><\/span><strong>European Defence Agency and NATO<\/strong><span class=\"ez-toc-section-end\"><\/span><\/h4>\n<ul>\n<li><strong>Ji\u0159\u00ed \u0160ediv\u00fd<\/strong> \u2013 Chief Executive of the European Defence Agency<\/li>\n<li><strong>Mark Rutte<\/strong> \u2013 Secretary General of NATO \u2013 Key role in protection and evacuation logistics<\/li>\n<li><strong>Senior figures managing Europe\u2019s defense industry strategy<\/strong><\/li>\n<\/ul>\n<hr \/>\n<h3><span class=\"ez-toc-section\" id=\"Evacuation_of_Family_Members_of_Top_EU_Officials\"><\/span><strong>Evacuation of Family Members of Top EU Officials<\/strong><span class=\"ez-toc-section-end\"><\/span><\/h3>\n<p>Evacuation plans for top EU leaders don&#8217;t only apply to the officials themselves \u2014 in certain cases, their families may also be included, depending on specific <strong>priority levels and degrees of kinship<\/strong>. However, the decision to evacuate family members varies based on the <strong>severity of the threat, the leader\u2019s position, and available resources<\/strong>.<\/p>\n<h4><span class=\"ez-toc-section\" id=\"1_Which_family_members_might_be_evacuated\"><\/span><strong>1. Which family members might be evacuated?<\/strong><span class=\"ez-toc-section-end\"><\/span><\/h4>\n<p>In the event of a large-scale conflict or direct threat to EU institutions, protection may be extended to certain relatives, based on the following priorities:<\/p>\n<h5><span class=\"ez-toc-section\" id=\"%E2%9C%85_Highest_Priority_Guaranteed_evacuation\"><\/span><strong>&#x2705; Highest Priority (Guaranteed evacuation)<\/strong><span class=\"ez-toc-section-end\"><\/span><\/h5>\n<ul>\n<li><strong>Spouse or officially recognized partner<\/strong><\/li>\n<li><strong>Children (minors and adult dependents)<\/strong><\/li>\n<li><strong>Elderly or dependent parents<\/strong> (if the leader holds a key strategic position)<\/li>\n<\/ul>\n<h5><span class=\"ez-toc-section\" id=\"%E2%9A%A0%EF%B8%8F_Conditional_Priority_Case-by-case_evacuation\"><\/span><strong>&#x26a0;&#xfe0f; Conditional Priority (Case-by-case evacuation)<\/strong><span class=\"ez-toc-section-end\"><\/span><\/h5>\n<ul>\n<li><strong>Siblings<\/strong>, if considered at specific risk or linked to diplomatic protection<\/li>\n<li><strong>Independent parents<\/strong>, if living in directly threatened zones<\/li>\n<li><strong>Independent adult children<\/strong>, if considered sensitive targets (e.g. involved in state matters)<\/li>\n<\/ul>\n<h5><span class=\"ez-toc-section\" id=\"%E2%9D%8C_Not_included_in_official_evacuation_plans\"><\/span><strong>&#x274c; Not included in official evacuation plans<\/strong><span class=\"ez-toc-section-end\"><\/span><\/h5>\n<ul>\n<li><strong>Cousins, uncles, and other extended family members<\/strong><\/li>\n<li><strong>In-laws (such as parents-in-law, siblings-in-law, non-dependent nieces\/nephews)<\/strong><\/li>\n<li><strong>Friends or acquaintances, even if close to the leader\u2019s family<\/strong><\/li>\n<\/ul>\n<h4><span class=\"ez-toc-section\" id=\"2_What_factors_could_influence_the_evacuation\"><\/span><strong>2. What factors could influence the evacuation?<\/strong><span class=\"ez-toc-section-end\"><\/span><\/h4>\n<p>The inclusion of family members depends on several <strong>strategic and operational factors<\/strong>:<\/p>\n<ul>\n<li><strong>Political importance of the leader<\/strong> \u2192 Top-level figures (e.g., President of the EU Commission, NATO Secretary General) would receive broader family protection.<\/li>\n<li><strong>Type of threat<\/strong> \u2192 In the case of nuclear war or a coup, close family would be evacuated immediately. In slower-developing crises, they may be held in secure areas without immediate evacuation.<\/li>\n<li><strong>Logistical capacity<\/strong> \u2192 Only close family members might be evacuated, because there may not be enough space or security to include others.<\/li>\n<\/ul>\n<h4><span class=\"ez-toc-section\" id=\"3_Destination_and_Security_of_Family_Members\"><\/span><strong>3. Destination and Security of Family Members<\/strong><span class=\"ez-toc-section-end\"><\/span><\/h4>\n<ul>\n<li><strong>Secure NATO bunkers or shelters<\/strong> \u2192 Families might be temporarily housed in protected facilities.<\/li>\n<li><strong>Relocation to allied countries<\/strong> \u2192 The U.S., UK, or Canada could host families of high-profile figures to ensure their safety.<\/li>\n<li><strong>Private security and diplomatic protection<\/strong> \u2192 Some relatives might receive guarded protection without full evacuation.<\/li>\n<\/ul>\n<p>The <strong>closest relatives<\/strong> of top EU officials would be considered for evacuation, but <strong>access would be limited based on logistics, family ties, and risk level<\/strong>. Full protection would focus on <strong>spouses and children<\/strong>, while others may only receive temporary or partial coverage.<\/p>\n<hr \/>\n<h3><span class=\"ez-toc-section\" id=\"Secure_Evacuation_Destinations\"><\/span><strong>Secure Evacuation Destinations<\/strong><span class=\"ez-toc-section-end\"><\/span><\/h3>\n<p>The European institutions and NATO have well-defined evacuation plans for their leaders in the event of war. The main safe destinations include:<\/p>\n<h4><span class=\"ez-toc-section\" id=\"NATO_Bases_in_Europe\"><\/span><strong>NATO Bases in Europe<\/strong><span class=\"ez-toc-section-end\"><\/span><\/h4>\n<ul>\n<li><strong>Ramstein (Germany)<\/strong> \u2013 A key strategic NATO base<\/li>\n<li><strong>Aviano (Italy)<\/strong> \u2013 A major hub for military operations<\/li>\n<li><strong>Classified bases in Belgium or Norway<\/strong><\/li>\n<li><strong>Brussels (Belgium)<\/strong> \u2013 NATO operational center, possibly with underground shelters<\/li>\n<\/ul>\n<h4><span class=\"ez-toc-section\" id=\"Allied_Countries_Outside_Europe\"><\/span><strong>Allied Countries Outside Europe<\/strong><span class=\"ez-toc-section-end\"><\/span><\/h4>\n<ul>\n<li><strong>United Kingdom<\/strong> \u2013 A potential temporary base for the EU government in exile<\/li>\n<li><strong>United States or Canada<\/strong> \u2013 Last-resort options to ensure political continuity<\/li>\n<li><strong>Switzerland or Luxembourg<\/strong> \u2013 Neutral countries with high levels of security<\/li>\n<li><strong>Iceland<\/strong> \u2013 A geographically isolated NATO member, potential emergency base<\/li>\n<\/ul>\n<hr \/>\n<h3><span class=\"ez-toc-section\" id=\"Vulnerabilities_of_NATO_Bases_and_Satellite_Detection_Risks\"><\/span><strong>Vulnerabilities of NATO Bases and Satellite Detection Risks<\/strong><span class=\"ez-toc-section-end\"><\/span><\/h3>\n<p>Despite the high security of NATO\u2019s secret bases and underground bunkers, emerging threats could undermine their effectiveness. One of the most concerning is the use of <strong>advanced <a href=\"https:\/\/www.endoacustica.com\/blogen\/2025\/01\/03\/defense-strategies\/\">grey time analysis<\/a><\/strong>\u2014the observation of unusual patterns around secret facilities using high-resolution satellite imagery.<\/p>\n<h4><span class=\"ez-toc-section\" id=\"Grey_Time_and_Satellite_Surveillance\"><\/span><strong>Grey Time and Satellite Surveillance<\/strong><span class=\"ez-toc-section-end\"><\/span><\/h4>\n<p>Russian intelligence and other adversarial forces can deploy <strong>advanced spy satellites<\/strong> to monitor in real time:<\/p>\n<ul>\n<li><strong>Unusual movement patterns<\/strong> around sensitive sites<\/li>\n<li><strong>Sudden spikes in ground or air traffic<\/strong> near critical locations<\/li>\n<li><strong>Unscheduled military flights<\/strong><\/li>\n<li><strong>Electronic blackout protocols being activated<\/strong> (a signal of evacuation in progress)<\/li>\n<li><strong>Thermal changes and infrared signals<\/strong> from underground activity or bunker access<\/li>\n<\/ul>\n<p>This kind of monitoring allows adversaries to <strong>accurately detect<\/strong> when and where an evacuation plan is underway, putting EU high-ranking officials at <strong>serious risk<\/strong>.<\/p>\n<p>Even if NATO attempts to mask such movements, Russian intelligence could still identify them by cross-referencing <strong><a href=\"https:\/\/www.endoacustica.com\/blogen\/2025\/01\/28\/sigint-2025\/\">ELINT<\/a> (Electronic Intelligence)<\/strong> and <strong>IMINT (Imagery Intelligence)<\/strong> data.<\/p>\n<hr \/>\n<h3><span class=\"ez-toc-section\" id=\"Oreshnik_Missiles_The_Threat_to_Underground_Bunkers\"><\/span><strong>Oreshnik Missiles: The Threat to Underground Bunkers<\/strong><span class=\"ez-toc-section-end\"><\/span><\/h3>\n<p>Another major threat to the safety of these shelters is the new generation of <strong>Oreshnik hypersonic missiles<\/strong> <b>equipped with nuclear warheads<\/b>, developed by Russia. These weapons are capable of penetrating deep into the ground. Even bunkers located hundreds of meters underground may not be safe in the event of a direct strike.<\/p>\n<p>These missiles combine:<\/p>\n<ul>\n<li><strong>Advanced bunker-penetrating warheads<\/strong> designed to pierce through multiple layers of reinforced concrete and steel<\/li>\n<li><strong>Hypersonic speed (over Mach 5)<\/strong>, which drastically reduces the time available for defense systems to respond<\/li>\n<li><strong>Smart guidance and maneuvering capabilities<\/strong> to evade anti-missile defenses<\/li>\n<\/ul>\n<p>All of this seriously questions the effectiveness of traditional <strong>bunkerization strategies<\/strong>, making it necessary to rethink how EU leaders are protected and evacuated.<\/p>\n<p><strong>Example:<\/strong> The use of <strong>continuous and unpredictable relocation<\/strong> between multiple safe zones can help avoid becoming static targets. The EU could develop a network of secret shelters linked to NATO bases to <strong>reduce the predictability of political leaders&#8217; locations<\/strong>. This would be supported by <a href=\"https:\/\/www.endoacustica.com\/signal-jammers.php\">advanced electronic protection<\/a> during transport.<\/p>\n<hr \/>\n<h3><span class=\"ez-toc-section\" id=\"Evacuation_Methods_and_Operational_Security\"><\/span><strong>Evacuation Methods and Operational Security<\/strong><span class=\"ez-toc-section-end\"><\/span><\/h3>\n<p>The evacuation of top EU officials could take place through various means:<\/p>\n<ul>\n<li><strong>NATO or EU Member State military flights<\/strong>, potentially using <strong>stealth aircraft<\/strong><\/li>\n<li><strong>Secure ground corridors<\/strong> leading to areas less exposed to the conflict<\/li>\n<li><strong>Naval transport<\/strong>, if needed, to ports under allied control<\/li>\n<li><strong>Strategic helicopters<\/strong> for rapid transfers between shelters and safe zones<\/li>\n<li><strong>Heavily protected armored convoys<\/strong> for emergency overland evacuations<\/li>\n<\/ul>\n<hr \/>\n<h3><span class=\"ez-toc-section\" id=\"Threats_Against_Top_EU_and_NATO_Officials\"><\/span><strong>Threats Against Top EU and NATO Officials<\/strong><span class=\"ez-toc-section-end\"><\/span><\/h3>\n<h4><span class=\"ez-toc-section\" id=\"Risk_Analysis_and_Prioritization\"><\/span><strong>Risk Analysis and Prioritization<\/strong><span class=\"ez-toc-section-end\"><\/span><\/h4>\n<p>Top officials within the European Union and NATO are considered strategic targets for potential attacks by <strong>hostile states, terrorist groups, and hybrid warfare organizations<\/strong>. The main threats include <strong>physical attacks, cyber warfare, and targeted destabilization efforts<\/strong>.<\/p>\n<h3><span class=\"ez-toc-section\" id=\"Types_of_Threats\"><\/span><strong>Types of Threats<\/strong><span class=\"ez-toc-section-end\"><\/span><\/h3>\n<h4><span class=\"ez-toc-section\" id=\"1_Physical_Attacks\"><\/span><strong>1. Physical Attacks<\/strong><span class=\"ez-toc-section-end\"><\/span><\/h4>\n<ul>\n<li><strong>Firearm or explosive attacks<\/strong> \u2013 Direct actions targeting political leaders during public appearances.<\/li>\n<li><strong>Poisoning or contamination<\/strong> \u2013 Use of chemical or biological agents to target individuals or groups.<\/li>\n<li><strong>Kidnappings and hostage situations<\/strong> \u2013 Attempts to capture officials or their family members for political leverage or negotiations.<\/li>\n<li><strong>Explosive drone strikes<\/strong> \u2013 An emerging threat, especially in urban settings and diplomatic events.<\/li>\n<\/ul>\n<h4><span class=\"ez-toc-section\" id=\"2_Cyber_Attacks\"><\/span><strong>2. Cyber Attacks<\/strong><span class=\"ez-toc-section-end\"><\/span><\/h4>\n<ul>\n<li><strong>Hacking of communication systems<\/strong> \u2013 Attempts to breach secure lines and access classified or sensitive data.<\/li>\n<li><strong>Fake news and disinformation campaigns<\/strong> \u2013 Spreading false narratives to manipulate public opinion and weaken trust in leadership.<\/li>\n<li><strong>Sabotage of digital infrastructure<\/strong> \u2013 Targeted operations to disable or disrupt government security and communication networks.<\/li>\n<\/ul>\n<h4><span class=\"ez-toc-section\" id=\"3_Hybrid_Warfare_and_Indirect_Threats\"><\/span><strong>3. Hybrid Warfare and Indirect Threats<\/strong><span class=\"ez-toc-section-end\"><\/span><\/h4>\n<ul>\n<li><strong>False flag operations<\/strong> \u2013 Attacks staged by actors pretending to belong to domestic groups, aiming to cause internal instability.<\/li>\n<li><strong>Political influence and corruption<\/strong> \u2013 Efforts to infiltrate institutions and weaken them through economic pressure, blackmail, or targeted corruption.<\/li>\n<\/ul>\n<hr \/>\n<h3><span class=\"ez-toc-section\" id=\"Likely_High-Risk_Figures_and_Protection_Priorities\"><\/span><strong>Likely High-Risk Figures and Protection Priorities<\/strong><span class=\"ez-toc-section-end\"><\/span><\/h3>\n<h4><span class=\"ez-toc-section\" id=\"Priority_1_%E2%80%93_Maximum_Protection_Strategic_and_Military_Leaders\"><\/span><strong>Priority 1 \u2013 Maximum Protection (Strategic and Military Leaders)<\/strong><span class=\"ez-toc-section-end\"><\/span><\/h4>\n<ul>\n<li><strong>Ursula von der Leyen<\/strong> \u2013 President of the European Commission<\/li>\n<li><strong>Kaja Kallas<\/strong> \u2013 High Representative for Foreign Affairs and Security Policy<\/li>\n<li><strong>Ji\u0159\u00ed \u0160ediv\u00fd<\/strong> \u2013 Chief Executive of the European Defence Agency<\/li>\n<li><strong>Mark Rutte<\/strong> \u2013 NATO Secretary General \u2013 A key figure in Europe&#8217;s defense strategy<\/li>\n<li><strong>Charles Michel<\/strong> \u2013 President of the European Council<\/li>\n<\/ul>\n<h4><span class=\"ez-toc-section\" id=\"Priority_2_%E2%80%93_High_Protection_Key_Military_and_Economic_Figures\"><\/span><strong>Priority 2 \u2013 High Protection (Key Military and Economic Figures)<\/strong><span class=\"ez-toc-section-end\"><\/span><\/h4>\n<ul>\n<li><strong>Christine Lagarde<\/strong> \u2013 President of the European Central Bank<\/li>\n<li><strong>Paschal Donohoe<\/strong> \u2013 President of the Eurogroup<\/li>\n<li><strong>Thierry Breton<\/strong> \u2013 Commissioner for Internal Market and Defense<\/li>\n<li><strong>Boris Pistorius<\/strong> \u2013 German Minister of Defense<\/li>\n<li><strong>S\u00e9bastien Lecornu<\/strong> \u2013 French Minister of Defense<\/li>\n<li><strong>Guido Crosetto<\/strong> \u2013 Italian Minister of Defense<\/li>\n<li><strong>Other prominent military and economic figures<\/strong><\/li>\n<li><strong>Representatives of leading European defense companies<\/strong> (Leonardo, Rheinmetall, Airbus Defence)<\/li>\n<\/ul>\n<h4><span class=\"ez-toc-section\" id=\"Priority_3_%E2%80%93_Moderate_Protection_Second-Level_Political_Figures\"><\/span><strong>Priority 3 \u2013 Moderate Protection (Second-Level Political Figures)<\/strong><span class=\"ez-toc-section-end\"><\/span><\/h4>\n<ul>\n<li><strong>Antonio Tajani<\/strong> \u2013 Italian Minister of Foreign Affairs<\/li>\n<li><strong>Jos\u00e9 Manuel Albares<\/strong> \u2013 Spanish Minister of Foreign Affairs<\/li>\n<li><strong>Andrii Sybiha<\/strong> \u2013 Ukrainian Minister of Foreign Affairs<\/li>\n<li><strong>Senior EU Commissioners with key roles in security and economics<\/strong><\/li>\n<\/ul>\n<hr \/>\n<h3><span class=\"ez-toc-section\" id=\"Senior_Figures_in_the_European_Defense_Industry_Likely_at_Risk_of_Targeted_Attacks\"><\/span><strong>Senior Figures in the European Defense Industry Likely at Risk of Targeted Attacks<\/strong><span class=\"ez-toc-section-end\"><\/span><\/h3>\n<p>The European defense industry is a strategic sector involving various corporations, governments, and supranational institutions. Its management is entrusted to key figures who oversee the development, production, and distribution of advanced defense technologies. These representatives operate at institutional, industrial, and political levels, working closely with the European Defence Agency (EDA) and NATO.<\/p>\n<h4><span class=\"ez-toc-section\" id=\"European_Commission_%E2%80%93_Defense_and_Industry_Oversight\"><\/span><strong>European Commission \u2013 Defense and Industry Oversight<\/strong><span class=\"ez-toc-section-end\"><\/span><\/h4>\n<p>The European Commission plays a central role in coordinating the defense industry. Key institutional representatives include:<\/p>\n<ul>\n<li><strong>Thierry Breton<\/strong> \u2013 Commissioner for Internal Market and Defense, in charge of coordinating industrial resources and weapons production.<\/li>\n<li><strong>Timo Pesonen<\/strong> \u2013 Director General of DG DEFIS (Directorate-General for Defence Industry and Space), a key figure in shaping EU security and defense policies.<\/li>\n<li><strong>Andrius Kubilius<\/strong> \u2013 Head of the <strong>European Defence Fund (EDF)<\/strong>, overseeing financial management and investment in military innovation.<\/li>\n<\/ul>\n<h4><span class=\"ez-toc-section\" id=\"European_Defence_Agency_EDA\"><\/span><strong>European Defence Agency (EDA)<\/strong><span class=\"ez-toc-section-end\"><\/span><\/h4>\n<p>The EDA plays a vital role in strengthening Europe\u2019s military capabilities. Notable figures include:<\/p>\n<ul>\n<li><strong>Ji\u0159\u00ed \u0160ediv\u00fd<\/strong> \u2013 Chief Executive of the EDA, responsible for military strategy and cooperation among member states.<\/li>\n<li><strong>EDA Steering Board<\/strong> \u2013 Composed of representatives from the defense ministries of EU member states, tasked with approving and guiding investment strategies in defense.<\/li>\n<\/ul>\n<h4><span class=\"ez-toc-section\" id=\"European_Defence_Industry_Board_EDIB\"><\/span><strong>European Defence Industry Board (EDIB)<\/strong><span class=\"ez-toc-section-end\"><\/span><\/h4>\n<p>This body oversees the development of the European defense industry and includes:<\/p>\n<ul>\n<li><strong>EDIB President<\/strong> \u2013 A figure selected among member states to lead armament production strategies and boost the industry\u2019s competitiveness.<\/li>\n<li><strong>Representatives of major industrial groups<\/strong> \u2013 CEOs and executive directors from the largest European defense companies, such as Airbus Defence, BAE Systems, Leonardo, and Rheinmetall.<\/li>\n<\/ul>\n<hr \/>\n<h3><span class=\"ez-toc-section\" id=\"Key_Figures_in_the_European_Defense_Industry_Likely_at_Risk_of_Attacks\"><\/span><strong>Key Figures in the European Defense Industry Likely at Risk of Attacks<\/strong><span class=\"ez-toc-section-end\"><\/span><\/h3>\n<h4><span class=\"ez-toc-section\" id=\"CEOs_and_Executives_of_Major_Defense_Companies\"><\/span><strong>CEOs and Executives of Major Defense Companies<\/strong><span class=\"ez-toc-section-end\"><\/span><\/h4>\n<p>The largest European companies in the defense sector are led by strategic figures who play a major role in shaping Europe&#8217;s military development:<\/p>\n<ul>\n<li><strong>Guillaume Faury<\/strong> \u2013 CEO of Airbus, a key player in aerospace and defense production.<\/li>\n<li><strong>Alessandro Profumo<\/strong> \u2013 Former CEO of Leonardo, influential in the development of radar and aeronautical technologies.<\/li>\n<li><strong>Armin Papperger<\/strong> \u2013 CEO of Rheinmetall, a leading company in armored vehicles and weapon systems manufacturing.<\/li>\n<li><strong>Charles Woodburn<\/strong> \u2013 CEO of BAE Systems, one of Europe\u2019s largest defense corporations.<\/li>\n<\/ul>\n<hr \/>\n<h3><span class=\"ez-toc-section\" id=\"Risk_Mitigation_Strategies\"><\/span><strong>Risk Mitigation Strategies<\/strong><span class=\"ez-toc-section-end\"><\/span><\/h3>\n<p>Faced with growing threats to the safety of top EU and NATO officials, comprehensive risk mitigation strategies would be implemented to ensure their protection and the continuity of institutions in the event of an attack. These strategies are structured into three key areas: <strong>physical security, cyber security, and hybrid warfare defense<\/strong>.<\/p>\n<h4><span class=\"ez-toc-section\" id=\"1_Physical_Security\"><\/span><strong>1. Physical Security<\/strong><span class=\"ez-toc-section-end\"><\/span><\/h4>\n<p>To protect top officials from physical attacks, advanced personal and infrastructure security measures may be adopted.<\/p>\n<ul>\n<li><strong>Enhanced personal protection through specialized units<\/strong>\n<ul>\n<li>Each high-ranking leader is protected by <strong>specialized security teams<\/strong> trained in anti-assassination and anti-kidnapping tactics.<\/li>\n<li>These units are equipped to handle critical situations and emergency scenarios.<\/li>\n<\/ul>\n<\/li>\n<li><strong>Use of armored vehicles and alternative secure routes<\/strong>\n<ul>\n<li>Officials travel in next-generation armored vehicles with advanced defense systems.<\/li>\n<li>Routes are chosen <strong>unpredictably<\/strong> to reduce the risk of ambushes.<\/li>\n<li><strong>Underground escape routes<\/strong> exist in certain key government locations.<\/li>\n<\/ul>\n<\/li>\n<li><strong>Threat monitoring with advanced intelligence<\/strong>\n<ul>\n<li>Intelligence agencies use <strong>predictive analysis<\/strong> to detect potential threats early.<\/li>\n<li><strong>Real-time facial recognition<\/strong> is used to track suspicious individuals near protected figures.<\/li>\n<li><strong>Surveillance drones<\/strong> are deployed for aerial monitoring of sensitive areas.<\/li>\n<\/ul>\n<\/li>\n<\/ul>\n<h4><span class=\"ez-toc-section\" id=\"2_Cyber_Security\"><\/span><strong>2. Cyber Security<\/strong><span class=\"ez-toc-section-end\"><\/span><\/h4>\n<p>Securing digital networks is essential to prevent data leaks and targeted cyberattacks.<\/p>\n<ul>\n<li><strong>Securing communications networks against cyberattacks<\/strong>\n<ul>\n<li>Communications between leaders take place via <a href=\"https:\/\/www.endoacustica.com\/encrypted-phone.php\"><strong>encrypted phones and networks<\/strong><\/a> with military-grade protection.<\/li>\n<li><a href=\"https:\/\/www.endoacustica.com\/mdp-mobile-security-ai-protection.php\">Leaders&#8217; electronic devices are continuously monitored<\/a> to prevent malware or spyware attacks.<\/li>\n<li><strong>Secondary off-grid communication channels<\/strong> ensure operational continuity during cyber incidents.<\/li>\n<\/ul>\n<\/li>\n<li><strong>Countering disinformation and hostile propaganda<\/strong>\n<ul>\n<li>Social and media platforms are continuously monitored to detect <strong>fake news campaigns<\/strong>.<\/li>\n<li>Dedicated task forces work to <strong>dismantle disinformation networks<\/strong> funded by hostile powers.<\/li>\n<li>AI systems analyze online content to detect and flag <strong>public opinion manipulation operations<\/strong>.<\/li>\n<\/ul>\n<\/li>\n<li><strong>Collaboration with NATO and Member States&#8217; cyber defense units<\/strong>\n<ul>\n<li>The EU shares <strong>cyber threat intelligence in real time<\/strong> with NATO and allied governments.<\/li>\n<li>Cybersecurity experts take part in <strong>joint cyber warfare simulations<\/strong>.<\/li>\n<li>Critical digital infrastructure is constantly updated to withstand zero-day attacks.<\/li>\n<\/ul>\n<\/li>\n<\/ul>\n<h4><span class=\"ez-toc-section\" id=\"3_Defense_Against_Hybrid_Warfare\"><\/span><strong>3. Defense Against Hybrid Warfare<\/strong><span class=\"ez-toc-section-end\"><\/span><\/h4>\n<p>Modern warfare includes not only military attacks but also political and economic destabilization strategies.<\/p>\n<ul>\n<li><strong>Advanced training in identifying unconventional threats<\/strong>\n<ul>\n<li>Top officials receive <strong>specialized training<\/strong> in hybrid warfare tactics, such as economic manipulation and political infiltration.<\/li>\n<li>Security services monitor <strong>unusual financial movements<\/strong> to detect corruption or internal subversion attempts.<\/li>\n<\/ul>\n<\/li>\n<li><strong>Rapid response protocols for emergency operations<\/strong>\n<ul>\n<li>Each top-level official is assigned a <strong>personalized evacuation protocol<\/strong> for crisis scenarios.<\/li>\n<li>Special military units are on standby to respond to <strong>coup attempts or coordinated attacks<\/strong>.<\/li>\n<li><strong>Secure zones<\/strong> are designated for EU governance in cases of extreme crisis.<\/li>\n<\/ul>\n<\/li>\n<li><strong>Strengthened cooperation among Member States for joint intelligence operations<\/strong>\n<ul>\n<li>EU and NATO governments work together through <strong>shared intelligence centers<\/strong>.<\/li>\n<li>European intelligence agencies collaborate with global partners to anticipate <strong>geopolitical destabilization efforts<\/strong>.<\/li>\n<li>Anti-terrorism units carry out preemptive actions against dormant enemy cells.<\/li>\n<\/ul>\n<\/li>\n<\/ul>\n<hr \/>\n<h3><span class=\"ez-toc-section\" id=\"Conclusions\"><\/span><strong>Conclusions<\/strong><span class=\"ez-toc-section-end\"><\/span><\/h3>\n<p>The <strong>EU and NATO<\/strong> are likely to adopt detailed contingency plans to protect their top officials and ensure governmental continuity in the event of an attack. An effective evacuation plan is essential to <strong>maintain political unity<\/strong> and deliver a <strong>coordinated response<\/strong> from the Union in times of crisis.<\/p>\n<p>Through close cooperation with allied nations and the implementation of advanced security strategies, Europe could <strong>preserve institutional stability even in the most critical situations<\/strong>. However, the political and economic implications of a large-scale conflict or targeted attack demand <strong>rigorous preparation<\/strong> to minimize the risks of destabilization.<\/p>\n<hr \/>\n<h3><span class=\"ez-toc-section\" id=\"Disclaimer\"><\/span><strong>Disclaimer<\/strong><span class=\"ez-toc-section-end\"><\/span><\/h3>\n<p>The information provided in this article has been gathered exclusively from <strong>open and publicly accessible sources<\/strong>, including official institutional websites, government reports, accredited news outlets, and publicly available publications. <strong>No classified, confidential, or unauthorized sources have been used.<\/strong><\/p>\n<p>This article is intended solely for <strong>informative and analytical purposes<\/strong>, based on data that is publicly available. It <strong>does not aim to compromise national or international security in any way<\/strong>. Any reference to security strategies or evacuation protocols is derived from open-source analysis and <strong>does not involve disclosure of classified operational procedures<\/strong>.<\/p>\n<p>Any images used in this article are <strong>purely illustrative and randomly generated<\/strong>. <strong>They do not depict real people, specific locations, events, or individuals mentioned in the text.<\/strong><\/p>\n<p><strong>If you identify any inaccuracies, please report them along with verifiable sources for correction.<\/strong><\/p>\n","protected":false},"excerpt":{"rendered":"<p>Safe Strategies and Destinations If a full-scale war were to break out between Russia and Europe, top officials of the European Union would follow pre-established emergency protocols to evacuate and ensure the continuity of EU governance. Possible Evacuation Destinations Secure shelters within the EU \u2013 NATO and the EU have<\/p>\n","protected":false},"author":1,"featured_media":5787,"comment_status":"open","ping_status":"open","sticky":false,"template":"","format":"standard","meta":{"_acf_changed":false,"footnotes":""},"categories":[5],"tags":[],"class_list":["post-5784","post","type-post","status-publish","format-standard","has-post-thumbnail","hentry","category-technology","two-columns"],"acf":[],"_links":{"self":[{"href":"https:\/\/www.endoacustica.com\/blogen\/wp-json\/wp\/v2\/posts\/5784","targetHints":{"allow":["GET"]}}],"collection":[{"href":"https:\/\/www.endoacustica.com\/blogen\/wp-json\/wp\/v2\/posts"}],"about":[{"href":"https:\/\/www.endoacustica.com\/blogen\/wp-json\/wp\/v2\/types\/post"}],"author":[{"embeddable":true,"href":"https:\/\/www.endoacustica.com\/blogen\/wp-json\/wp\/v2\/users\/1"}],"replies":[{"embeddable":true,"href":"https:\/\/www.endoacustica.com\/blogen\/wp-json\/wp\/v2\/comments?post=5784"}],"version-history":[{"count":9,"href":"https:\/\/www.endoacustica.com\/blogen\/wp-json\/wp\/v2\/posts\/5784\/revisions"}],"predecessor-version":[{"id":5978,"href":"https:\/\/www.endoacustica.com\/blogen\/wp-json\/wp\/v2\/posts\/5784\/revisions\/5978"}],"wp:featuredmedia":[{"embeddable":true,"href":"https:\/\/www.endoacustica.com\/blogen\/wp-json\/wp\/v2\/media\/5787"}],"wp:attachment":[{"href":"https:\/\/www.endoacustica.com\/blogen\/wp-json\/wp\/v2\/media?parent=5784"}],"wp:term":[{"taxonomy":"category","embeddable":true,"href":"https:\/\/www.endoacustica.com\/blogen\/wp-json\/wp\/v2\/categories?post=5784"},{"taxonomy":"post_tag","embeddable":true,"href":"https:\/\/www.endoacustica.com\/blogen\/wp-json\/wp\/v2\/tags?post=5784"}],"curies":[{"name":"wp","href":"https:\/\/api.w.org\/{rel}","templated":true}]}}